{"id":5355,"date":"2010-04-06T19:28:26","date_gmt":"2010-04-06T22:28:26","guid":{"rendered":"http:\/\/www.elsindical.com.ar\/notas\/?p=5355"},"modified":"2010-04-06T19:28:26","modified_gmt":"2010-04-06T22:28:26","slug":"viales-nacionales-denunciaron-penalmente-persecucion-sindical-del-gobierno","status":"publish","type":"post","link":"https:\/\/www.elsindical.com.ar\/notas\/viales-nacionales-denunciaron-penalmente-persecucion-sindical-del-gobierno\/","title":{"rendered":"Viales Nacionales denunciaron penalmente persecuci\u00f3n sindical del gobierno"},"content":{"rendered":"<p style=\"text-align: justify;\"><a href=\"http:\/\/www.elsindical.com.ar\/notas\/var\/www\/html\/notas\/wp-content\/uploads\/2010\/04\/Nelson-Periotti.jpg\"><img loading=\"lazy\" decoding=\"async\" class=\"alignleft size-thumbnail wp-image-5356\" title=\"Nelson-Periotti\" src=\"http:\/\/www.elsindical.com.ar\/notas\/var\/www\/html\/notas\/wp-content\/uploads\/2010\/04\/Nelson-Periotti-150x150.jpg\" alt=\"\" width=\"150\" height=\"150\" \/><\/a>Reproucimos comunicado de prensa:<\/p>\n<p style=\"text-align: justify;\"><strong><span style=\"text-decoration: underline;\">Piden la intervenci\u00f3n del ministro de Planificaci\u00f3n, Julio de Vido<\/span><\/strong>\u00a0<\/p>\n<p style=\"text-align: justify;\"><strong>VIALES NACIONALES DENUNCIAN AL GOBIERNO POR \u201cPERSECUCI\u00d3N\u00a0 POL\u00cdTICA Y CAZA DE BRUJAS\u201d. PRESENTARON UNA DENUNCIA PENAL<\/strong>\u00a0<\/p>\n<p style=\"text-align: justify;\">El sindicato Trabajadores Viales y Afines, que lidera C\u00e9sar Gonz\u00e1lez, denunci\u00f3 hoy que el Administrador General de Vialidad Nacional (DNV), Nelson Periotti,\u00a0 est\u00e1 llevando adelante una <strong>\u201ccaza de brujas y pol\u00edticas planificadas de persecuci\u00f3n pol\u00edtica\u201d<\/strong> contra todo empleado referenciado con la conducci\u00f3n nacional del gremio. Esta tarde, el sindicalista present\u00f3 una denuncia penal <strong>\u201cpor coacci\u00f3n\u201d<\/strong> en el Juzgado de la Dr. Mar\u00eda Servini de Cubr\u00eda contra funcionarios del organismo, al conocerse una circular del organismo distribuidas en los 24 distritos del pa\u00eds en la que se habilitaba a <strong>\u201cremover a\u00a0 toda persona que ocupe cargos en cualquier funci\u00f3n y que este identificado con\u00a0 el sindicato de trabajadores viales\u201d<\/strong>, sostuvo el gremio en un comunicado.\u00a0<\/p>\n<p style=\"text-align: justify;\">C\u00e9sar Gonz\u00e1lez convoc\u00f3 para la semana pr\u00f3xima a un Congreso Extraordinario en su sede central del barrio de Congreso donde determinar\u00e1n <strong>\u201cmedidas de acci\u00f3n directa y movilizaciones p\u00fablicas\u201d<\/strong>. Al mismo tiempo, solicit\u00f3 hace varias semanas una audiencia al Ministro de Planificaci\u00f3n Federal, Julio De Vido, y que al momento no tuvo respuesta. <strong><em>\u201cEl ministro es el \u00fanico que puede destrabar este atropello contra los trabajadores que no tiene antecedentes desde la dictadura militar. Confiamos en que revierta toda esta locura ya que todos los que estamos en el movimiento obrero conocemos su vocaci\u00f3n con los trabajadores. Queremos el camino del di\u00e1logo y el consenso pero nos empujan a una escalada de confrontaciones\u201d, <\/em><\/strong>afirm\u00f3 Gonz\u00e1lez.\u00a0<\/p>\n<p style=\"text-align: justify;\">No obstante, Gonz\u00e1lez carg\u00f3 duramente contra Periotti, y argument\u00f3 que todo comenz\u00f3 cuando el pasado 6 de octubre el ex presidente Eduardo Duhalde concurri\u00f3 informalmente a la reuni\u00f3n mensual que realiza la CGT de Luis Barrionuevo, que integra Gonz\u00e1lez, en la sede bonaerense del primer distrito, comenzando \u00a0las persecuciones. <strong><em>\u201cNos acusaron de traidores, desleales y una bater\u00eda de barbaridades, cuando siempre tuvimos libertad de pensamiento, tal es as\u00ed que es p\u00fablico que desde el 2003 apoyamos el proyecto de N\u00e9stor Kirchner de reactivar vialidad y la obra p\u00fablica, jam\u00e1s pusimos escollos, es mas facilitamos muchas de las pol\u00edticas que implementaron. Ahora seg\u00fan Perrioti somos el demonio que debe extirparse, es un talib\u00e1n trasnochado\u201d<\/em><\/strong>, ironiz\u00f3 el sindicalista sobre el funcionario.\u00a0<\/p>\n<p style=\"text-align: justify;\">El sindicato argument\u00f3 que los atropellos van desde <strong>\u201cdesplazar gente id\u00f3nea de cargos, no generar concurso y violar regimenes administrativos vigentes\u201d<\/strong>, como sucedi\u00f3 con el\u00a0 Jefe del distrito de Misiones Emilio Poupard. Tambi\u00e9n acus\u00f3 Gonz\u00e1lez a los jefes de distritos de la Rioja, Daniel Vera, y de Mendoza, Manuel Rivas, de <strong>\u201cpromover las desafiliaciones masivas de los afiliados locales bajo la amenaza de despidos\u201d,<\/strong> entre\u00a0 otras metodolog\u00edas denunciadas.\u00a0<\/p>\n<p style=\"text-align: justify;\"><strong>Prensa:<\/strong>Daniel Bestty (011) 154.027.7436 \/\/ 154.027.7333\u00a0<\/p>\n<p style=\"text-align: justify;\"><strong>Notas: <\/strong>Cesar Gonz\u00e1lez (011) 156.153.0792<\/p>\n<p style=\"text-align: justify;\">Sindicato VIALES (011) 4381.3913<\/p>\n","protected":false},"excerpt":{"rendered":"<p>Reproucimos comunicado de prensa: Piden la intervenci\u00f3n del ministro de Planificaci\u00f3n, Julio de Vido\u00a0 VIALES NACIONALES DENUNCIAN AL GOBIERNO POR \u201cPERSECUCI\u00d3N\u00a0 POL\u00cdTICA Y CAZA DE BRUJAS\u201d. PRESENTARON UNA DENUNCIA PENAL\u00a0 El sindicato Trabajadores Viales y Afines, que lidera C\u00e9sar Gonz\u00e1lez, denunci\u00f3 hoy que el Administrador General de Vialidad Nacional (DNV), Nelson Periotti,\u00a0 est\u00e1 llevando adelante&hellip;<\/p>\n","protected":false},"author":1,"featured_media":0,"comment_status":"open","ping_status":"open","sticky":false,"template":"","format":"standard","meta":{"footnotes":""},"categories":[6],"tags":[175,131,2844,1242,2843,2845],"class_list":["post-5355","post","type-post","status-publish","format-standard","hentry","category-denuncias","tag-denuncia","tag-julio-de-vido","tag-nelson-periotti","tag-penal","tag-persecucion-sindical","tag-viales-nacionales"],"_links":{"self":[{"href":"https:\/\/www.elsindical.com.ar\/notas\/wp-json\/wp\/v2\/posts\/5355","targetHints":{"allow":["GET"]}}],"collection":[{"href":"https:\/\/www.elsindical.com.ar\/notas\/wp-json\/wp\/v2\/posts"}],"about":[{"href":"https:\/\/www.elsindical.com.ar\/notas\/wp-json\/wp\/v2\/types\/post"}],"author":[{"embeddable":true,"href":"https:\/\/www.elsindical.com.ar\/notas\/wp-json\/wp\/v2\/users\/1"}],"replies":[{"embeddable":true,"href":"https:\/\/www.elsindical.com.ar\/notas\/wp-json\/wp\/v2\/comments?post=5355"}],"version-history":[{"count":1,"href":"https:\/\/www.elsindical.com.ar\/notas\/wp-json\/wp\/v2\/posts\/5355\/revisions"}],"predecessor-version":[{"id":5357,"href":"https:\/\/www.elsindical.com.ar\/notas\/wp-json\/wp\/v2\/posts\/5355\/revisions\/5357"}],"wp:attachment":[{"href":"https:\/\/www.elsindical.com.ar\/notas\/wp-json\/wp\/v2\/media?parent=5355"}],"wp:term":[{"taxonomy":"category","embeddable":true,"href":"https:\/\/www.elsindical.com.ar\/notas\/wp-json\/wp\/v2\/categories?post=5355"},{"taxonomy":"post_tag","embeddable":true,"href":"https:\/\/www.elsindical.com.ar\/notas\/wp-json\/wp\/v2\/tags?post=5355"}],"curies":[{"name":"wp","href":"https:\/\/api.w.org\/{rel}","templated":true}]}}