{"id":53419,"date":"2015-08-19T08:34:58","date_gmt":"2015-08-19T11:34:58","guid":{"rendered":"http:\/\/www.elsindical.com.ar\/notas\/?p=53419"},"modified":"2015-08-19T08:34:58","modified_gmt":"2015-08-19T11:34:58","slug":"el-cafe-aumenta-las-posibilidades-de-sobrevivir-al-cancer-de-intestino","status":"publish","type":"post","link":"https:\/\/www.elsindical.com.ar\/notas\/el-cafe-aumenta-las-posibilidades-de-sobrevivir-al-cancer-de-intestino\/","title":{"rendered":"El caf\u00e9 aumenta las posibilidades de sobrevivir al c\u00e1ncer de intestino"},"content":{"rendered":"<p class=\"p1 newDetailTextChange\"><em>\u00a0<a href=\"http:\/\/www.elsindical.com.ar\/notas\/var\/www\/html\/notas\/wp-content\/uploads\/2015\/08\/Cafecito.jpg\"><img loading=\"lazy\" decoding=\"async\" class=\"alignnone size-medium wp-image-53420\" src=\"http:\/\/www.elsindical.com.ar\/notas\/var\/www\/html\/notas\/wp-content\/uploads\/2015\/08\/Cafecito-300x225.jpg\" alt=\"Cafecito\" width=\"300\" height=\"225\" srcset=\"https:\/\/www.elsindical.com.ar\/notas\/var\/www\/html\/notas\/wp-content\/uploads\/2015\/08\/Cafecito-300x225.jpg 300w, https:\/\/www.elsindical.com.ar\/notas\/var\/www\/html\/notas\/wp-content\/uploads\/2015\/08\/Cafecito.jpg 1024w, https:\/\/www.elsindical.com.ar\/notas\/var\/www\/html\/notas\/wp-content\/uploads\/2015\/08\/Cafecito-400x300.jpg 400w\" sizes=\"auto, (max-width: 300px) 100vw, 300px\" \/><\/a> Lo asegura un estudio difundido este martes en Londres. Pacientes que recibieron tratamiento y que consum\u00edan altas dosis de caf\u00e9 tuvieron 42% de posibilidades menos de reincidir en la enfermedad.<\/em><\/p>\n<p class=\"p1 newDetailTextChange\">El consumo habitual de <b>caf\u00e9 <\/b>con cafe\u00edna aumentar\u00eda las posibilidades de sobrevivir al <b>c\u00e1ncer de intestino<\/b> y de evitar reca\u00eddas en la enfermedad, seg\u00fan un estudio difundido este martes en <b>Londres<\/b> por la publicaci\u00f3n brit\u00e1nica<b> \u00abJournal of the clinical oncology\u00bb<\/b>.<\/p>\n<p>Un grupo de cient\u00edficos descubri\u00f3 que aquellos pacientes que recibieron tratamiento y que consum\u00edan altas dosis de caf\u00e9, cuatro o m\u00e1s tazas al d\u00eda, ten\u00edan un<b> 42% de posibilidades menos de reincidir <\/b>que aquellos que no consum\u00edan la bebida estimulante.<\/p>\n<p>El estudio tambi\u00e9n mostr\u00f3 como los pacientes que beb\u00edan caf\u00e9 ten\u00edan el 33% menos de posibilidades de morir de c\u00e1ncer o de cualquier otra causa que los dem\u00e1s.<\/p>\n<p>El m\u00e9dico <b>Charles Fuchs<\/b>, director del <b>Centro de C\u00e1ncer Gastrointestinal en Boston<\/b> (EE.UU.), afirm\u00f3 haber comprobado que \u00ablos bebedores de caf\u00e9 tienen un riesgo menor de volver a desarrollar c\u00e1ncer, adem\u00e1s de que la supervivencia y las posibilidades de cura aumentan considerablemente\u00bb, de acuerdo a lo consignado por la agencia EFE.<\/p>\n<p>Todos los enfermos que participaron en el estudio, realizado sobre una muestra de 1.000 pacientes tratados, padec\u00edan c\u00e1ncer de intestino en estado III, lo que significa que la enfermedad se hab\u00eda extendido hasta los ganglios linf\u00e1ticos cerca del tumor original.<\/p>\n<p>Bajo circunstancias normales, estos pacientes ten\u00edan un 35% de posibilidades de recaer, despu\u00e9s de la cirug\u00eda y la quimioterapia.<\/p>\n<p>La cantidad de bebida que se consume es directamente proporcional a los efectos beneficiosos, de manera que, tomar dos o tres tazas produce unos efectos moderados y beber solo una ofrece una peque\u00f1a protecci\u00f3n.<\/p>\n<p>A pesar de los resultados del estudio, Fuchs se mostr\u00f3 precavido con los potenciales beneficios del caf\u00e9 como tratamiento alternativo para los enfermos de c\u00e1ncer de intestino.<\/p>\n<p>\u00abSi bebes caf\u00e9 habitualmente y te han tratado de c\u00e1ncer de intestino, no lo dejes, pero si no eres un consumidor habitual, y te preguntas si deber\u00edas comenzar, primero debes consultar con tu m\u00e9dico\u00bb, indic\u00f3 el investigador.<\/p>\n<p>Aunque esta es la primera vez que un estudio relaciona el consumo de caf\u00e9 con la reducci\u00f3n del riesgo de reca\u00edda, investigaciones previas han indicado que esta bebida podr\u00eda proteger contra varios tipos de tumores malignos, incluidos el melanoma, el c\u00e1ncer de h\u00edgado o el de pr\u00f3stata avanzado.<\/p>\n","protected":false},"excerpt":{"rendered":"<p>\u00a0 Lo asegura un estudio difundido este martes en Londres. Pacientes que recibieron tratamiento y que consum\u00edan altas dosis de caf\u00e9 tuvieron 42% de posibilidades menos de reincidir en la enfermedad. El consumo habitual de caf\u00e9 con cafe\u00edna aumentar\u00eda las posibilidades de sobrevivir al c\u00e1ncer de intestino y de evitar reca\u00eddas en la enfermedad, seg\u00fan&hellip;<\/p>\n","protected":false},"author":1,"featured_media":0,"comment_status":"open","ping_status":"open","sticky":false,"template":"","format":"standard","meta":{"footnotes":""},"categories":[23],"tags":[],"class_list":["post-53419","post","type-post","status-publish","format-standard","hentry","category-salud"],"_links":{"self":[{"href":"https:\/\/www.elsindical.com.ar\/notas\/wp-json\/wp\/v2\/posts\/53419","targetHints":{"allow":["GET"]}}],"collection":[{"href":"https:\/\/www.elsindical.com.ar\/notas\/wp-json\/wp\/v2\/posts"}],"about":[{"href":"https:\/\/www.elsindical.com.ar\/notas\/wp-json\/wp\/v2\/types\/post"}],"author":[{"embeddable":true,"href":"https:\/\/www.elsindical.com.ar\/notas\/wp-json\/wp\/v2\/users\/1"}],"replies":[{"embeddable":true,"href":"https:\/\/www.elsindical.com.ar\/notas\/wp-json\/wp\/v2\/comments?post=53419"}],"version-history":[{"count":1,"href":"https:\/\/www.elsindical.com.ar\/notas\/wp-json\/wp\/v2\/posts\/53419\/revisions"}],"predecessor-version":[{"id":53421,"href":"https:\/\/www.elsindical.com.ar\/notas\/wp-json\/wp\/v2\/posts\/53419\/revisions\/53421"}],"wp:attachment":[{"href":"https:\/\/www.elsindical.com.ar\/notas\/wp-json\/wp\/v2\/media?parent=53419"}],"wp:term":[{"taxonomy":"category","embeddable":true,"href":"https:\/\/www.elsindical.com.ar\/notas\/wp-json\/wp\/v2\/categories?post=53419"},{"taxonomy":"post_tag","embeddable":true,"href":"https:\/\/www.elsindical.com.ar\/notas\/wp-json\/wp\/v2\/tags?post=53419"}],"curies":[{"name":"wp","href":"https:\/\/api.w.org\/{rel}","templated":true}]}}