{"id":53414,"date":"2015-08-19T08:09:07","date_gmt":"2015-08-19T11:09:07","guid":{"rendered":"http:\/\/www.elsindical.com.ar\/notas\/?p=53414"},"modified":"2015-08-19T08:09:07","modified_gmt":"2015-08-19T11:09:07","slug":"desocupacion-cayo-al-66-segun-el-indec","status":"publish","type":"post","link":"https:\/\/www.elsindical.com.ar\/notas\/desocupacion-cayo-al-66-segun-el-indec\/","title":{"rendered":"Desocupaci\u00f3n cay\u00f3 al 6,6% seg\u00fan el INDEC"},"content":{"rendered":"<p class=\"bajada\"><em><a href=\"http:\/\/www.elsindical.com.ar\/notas\/var\/www\/html\/notas\/wp-content\/uploads\/2010\/01\/desempleo-latino.jpg\"><img loading=\"lazy\" decoding=\"async\" class=\"alignnone size-full wp-image-2922\" src=\"http:\/\/www.elsindical.com.ar\/notas\/var\/www\/html\/notas\/wp-content\/uploads\/2010\/01\/desempleo-latino.jpg\" alt=\"desempleo-latino\" width=\"198\" height=\"139\" \/><\/a>\u00a0 Fue durante el segundo trimestre del a\u00f1o desde el 7,3 por ciento que midi\u00f3 en igual per\u00edodo del 2014.<\/em><\/p>\n<p id=\"pcontnota\">El organismo indic\u00f3 tambi\u00e9n que la subocupaci\u00f3n demandante, entendida como la cantidad de gente que trabaja menos de 35 horas semanales pero quisieran trabajar m\u00e1s, alcanz\u00f3 entre abril y junio al 6,6 por ciento, por debajo del 7,5 por ciento de igual per\u00edodo del 2014, mientras que el indicador de los no demandantes avanz\u00f3 al 2,8 por ciento contra el 2,6 por ciento anterior.<\/p>\n<p><strong>Principales \u00edndices por ciudades.<\/strong> Frente a un promedio nacional de desocupaci\u00f3n del 6,6 por ciento, los menores \u00edndices de desempleo se anotaron en Resistencia, con pleno empleo, Misiones con el 1 por ciento, Santiago del Estero 1,3 por ciento; y Formosa 1,4 por ciento.<\/p>\n<p>En contrapartida, los mayores niveles de desocupaci\u00f3n se dieron en C\u00f3rdoba con el 10,2 por ciento; Rosario, 8,3 por ciento; Mar del Plata, 8,1 por ciento, mientras que con el 6,9 por ciento se ubica R\u00edo Cuarto y San Nicol\u00e1s, en territorios cordob\u00e9s y bonaerense, respectivamente.<\/p>\n<p>La Ciudad de Buenos Aires y el Conurbano, donde se concentra un tercio de la poblaci\u00f3n, mostr\u00f3 una desocupaci\u00f3n promedio del 7,2 por ciento, por debajo del 7,7 por ciento de abril-junio del a\u00f1o pasado.<\/p>\n<p>Este registro de 7,2 por ciento en la desocupaci\u00f3n fue producto de un \u00edndice de 5,1 por ciento para la Capital Federal, y del 7,9 por ciento para los partidos adyacentes.<\/p>\n<p><strong>\u201cEsta baja no es magia\u201d.<\/strong> \u00abEsta nueva baja en el desempleo no es casualidad. Es el resultado de la protecci\u00f3n que surge de las pol\u00edticas laborales que implementa el gobierno. Pol\u00edticas que frente a una crisis mundial de trabajo muy profunda exige protecci\u00f3n. Y eso es precisamente lo que hacemos\u00bb, sostuvo el ministro de Trabajo, Carlos Tomada.<\/p>\n<p>El funcionario consider\u00f3 que el indicador en 6,6 por ciento \u00abtira por tierra el cataclismo que los analistas de la oposici\u00f3n quieren pintar. Es la demostraci\u00f3n que lo que buscan es asustar para ajustar\u00bb, seg\u00fan un comunicado difundido por la cartera laboral.<\/p>\n<p>El funcionario destac\u00f3 que tal como sostiene la presidenta Cristina Fern\u00e1ndez \u00abesta baja no es magia\u00bb, sino fruto de \u00abpol\u00edtica, esfuerzo y voluntad para m\u00e1s inclusi\u00f3n, m\u00e1s derechos y m\u00e1s futuro\u00bb.<\/p>\n<p>\u00abAntes, cualquier crisis econ\u00f3mica mundial provocaba una desocupaci\u00f3n inmediata en el pa\u00eds. Hoy no. Porque hay una estructura que resiste no solo los embates que vienen de afuera y tambi\u00e9n los de adentro. Porque hay un Estado muy presente que est\u00e1 cuando los privados no lo hacen o no pueden hacerlo\u00bb, complet\u00f3 Tomada.<\/p>\n","protected":false},"excerpt":{"rendered":"<p>\u00a0 Fue durante el segundo trimestre del a\u00f1o desde el 7,3 por ciento que midi\u00f3 en igual per\u00edodo del 2014. El organismo indic\u00f3 tambi\u00e9n que la subocupaci\u00f3n demandante, entendida como la cantidad de gente que trabaja menos de 35 horas semanales pero quisieran trabajar m\u00e1s, alcanz\u00f3 entre abril y junio al 6,6 por ciento, por&hellip;<\/p>\n","protected":false},"author":1,"featured_media":0,"comment_status":"open","ping_status":"open","sticky":false,"template":"","format":"standard","meta":{"footnotes":""},"categories":[9],"tags":[22036,1300,2200],"class_list":["post-53414","post","type-post","status-publish","format-standard","hentry","category-economia","tag-desocupacion","tag-empleo","tag-indec"],"_links":{"self":[{"href":"https:\/\/www.elsindical.com.ar\/notas\/wp-json\/wp\/v2\/posts\/53414","targetHints":{"allow":["GET"]}}],"collection":[{"href":"https:\/\/www.elsindical.com.ar\/notas\/wp-json\/wp\/v2\/posts"}],"about":[{"href":"https:\/\/www.elsindical.com.ar\/notas\/wp-json\/wp\/v2\/types\/post"}],"author":[{"embeddable":true,"href":"https:\/\/www.elsindical.com.ar\/notas\/wp-json\/wp\/v2\/users\/1"}],"replies":[{"embeddable":true,"href":"https:\/\/www.elsindical.com.ar\/notas\/wp-json\/wp\/v2\/comments?post=53414"}],"version-history":[{"count":1,"href":"https:\/\/www.elsindical.com.ar\/notas\/wp-json\/wp\/v2\/posts\/53414\/revisions"}],"predecessor-version":[{"id":53415,"href":"https:\/\/www.elsindical.com.ar\/notas\/wp-json\/wp\/v2\/posts\/53414\/revisions\/53415"}],"wp:attachment":[{"href":"https:\/\/www.elsindical.com.ar\/notas\/wp-json\/wp\/v2\/media?parent=53414"}],"wp:term":[{"taxonomy":"category","embeddable":true,"href":"https:\/\/www.elsindical.com.ar\/notas\/wp-json\/wp\/v2\/categories?post=53414"},{"taxonomy":"post_tag","embeddable":true,"href":"https:\/\/www.elsindical.com.ar\/notas\/wp-json\/wp\/v2\/tags?post=53414"}],"curies":[{"name":"wp","href":"https:\/\/api.w.org\/{rel}","templated":true}]}}