{"id":53359,"date":"2015-08-17T12:06:52","date_gmt":"2015-08-17T15:06:52","guid":{"rendered":"http:\/\/www.elsindical.com.ar\/notas\/?p=53359"},"modified":"2015-08-17T19:04:26","modified_gmt":"2015-08-17T22:04:26","slug":"denuncian-persecusion-gremial-y-aprietes-a-los-trabajadores-del-municipio-de-avellaneda","status":"publish","type":"post","link":"https:\/\/www.elsindical.com.ar\/notas\/denuncian-persecusion-gremial-y-aprietes-a-los-trabajadores-del-municipio-de-avellaneda\/","title":{"rendered":"Denuncian persecuci\u00f3n gremial y aprietes a los trabajadores del municipio de Avellaneda"},"content":{"rendered":"<p><em><a href=\"http:\/\/www.elsindical.com.ar\/notas\/var\/www\/html\/notas\/wp-content\/uploads\/2015\/08\/Ferra-rey-de-espadas.jpg\"><img loading=\"lazy\" decoding=\"async\" class=\"alignnone size-medium wp-image-53361\" src=\"http:\/\/www.elsindical.com.ar\/notas\/var\/www\/html\/notas\/wp-content\/uploads\/2015\/08\/Ferra-rey-de-espadas-181x300.jpg\" alt=\"Ferra-rey-de-espadas\" width=\"181\" height=\"300\" srcset=\"https:\/\/www.elsindical.com.ar\/notas\/var\/www\/html\/notas\/wp-content\/uploads\/2015\/08\/Ferra-rey-de-espadas-181x300.jpg 181w, https:\/\/www.elsindical.com.ar\/notas\/var\/www\/html\/notas\/wp-content\/uploads\/2015\/08\/Ferra-rey-de-espadas.jpg 531w\" sizes=\"auto, (max-width: 181px) 100vw, 181px\" \/><\/a>\u00a0 A las constantes denuncias contra la gesti\u00f3n del intendente Jorge Ferraresi, se suma un nuevo y m\u00e1s fuerte cap\u00edtulo entre la supuesta pelea entre el intendente y el sindicato de trabajadores de Avellaneda (STMA), supuesta porque el intendente oculta en una supuesta disputa ideol\u00f3gica nuevamente intereses econ\u00f3micos que benefician a \u00e9l y a sus allegados.<\/em><\/p>\n<p>Desde ya hace unos meses, muchos de los empleados municipales son \u00abinvitados\u00bb a desafiliarse del STMA y a pasarse a la organizaci\u00f3n que lidera Daniel Aversa, a quien varios trabajadores municipales acusan de estafarlos con promesas que nunca se cumplieron, mientras que el \u00fanico beneficiado en esta nueva construcci\u00f3n sindical ha sido \u00e9l y su s\u00e9quito, quienes no acatan la \u00abinvitaci\u00f3n\u00bb directamente pierden las horas extras y los beneficios que a la fecha tienen del municipio, una vez m\u00e1s, parece que nadie respeta la Ley en eso de los derechos adquiridos, pero es una constante de la gesti\u00f3n no respetar la Ley o los fallos judiciales, con lo cual esto no sorprende a nadie.<\/p>\n<p>Ahora a las afiliaciones obligatorias del municipio han incorporado a FEMEBA, con el agravante de que no se les informa debidamente a los empleados los costos que tiene dicha obra social, al momento de la atenci\u00f3n y los bonos que se cobran.<\/p>\n<p>A los trabajadores se les ha dicho desde UMA, que por gestiones de Aversa se firm\u00f3 un contrato entre la Asociaci\u00f3n Municipales de Avellaneda y FEMEBA, pero la realidad es que la firma la rubrica la COEMA (Confederaci\u00f3n de Obreros y Empleados Municipales de Argentina) representada por Oscar Ruggiero, ya que UMA no solo no puede representar a los trabajadores en las discusiones de paritarias, no puede convocar a un paro de actividades ni puede firmar este tipo de convenios hasta tanto no reciba del Ministerio de Trabajo la inscripci\u00f3n gremial.<\/p>\n<p>Eso s\u00ed Aversa en su discurso de anuncio de lo que present\u00f3 como un nuevo logro para los trabajadores, destac\u00f3 el apoyo del intendente Jorge Ferraresi al otorgarles el c\u00f3digo de descuento en los recibos de haberes, lo que no dice Aversa es que este supuesto logro es la vuelta que le encontraron para seguir minando la Mutual Municipal, como la justicia le orden\u00f3 al intendente que retrotraiga la medida de quitar el descuento por recibo de haberes, la mejor forma y prolija que encontraron es proponerles a los trabajadores se vayan de la obra social del sindicato a una que seg\u00fan ellos es mucho mejor.<\/p>\n<p>No dice Aversa, c\u00f3mo les va a explicar a los cientos de trabajadores a los que les dijo que no se pudo concretar el pase a planta permanente por no estar en buenas relaciones con el intendente, c\u00f3mo explicar\u00e1 los agradecimientos, es decir, una mentira que se suma al resto de las mentiras.<\/p>\n<p>\u00bfEs tan dif\u00edcil hacer pol\u00edtica de forma transparente?, \u00bfcompetir en forma correcta por una representaci\u00f3n sindical?, Jorge Ferraresi, est\u00e1 dispuesto a llevar su disputa con Hern\u00e1n Doval al l\u00edmite de lo razonable, pesan m\u00e1s sus ambiciones personales y rencores que el bienestar de cientos de trabajadores municipales y sus familias.<\/p>\n<p>Desde El Sindical repudiamos fuertemente las acciones del intendente, los jefes encargados de las \u00abinvitaciones\u00bb dicen obdecer \u00f3rdenes de arriba, bueno, que arriba se pongan a pensar en las familias, est\u00e1n llevando una lucha de poderes a los trabajadores, \u00bfnadie asesora al intendente?, por m\u00e1s circo que intenten vender, la realidad es que bajaron el porcentaje de votos y con estas acciones seguramente seguir\u00e1n bajando, obvio que no les importa porque saben que ganar\u00e1n con los miles de planes y reh\u00e9nes que tiene el municipio, pero las cosas as\u00ed no pueden continuar, hay que saber respetar las decisiones de los trabajadores, hay que respetar al empleado municipal y sus familias.<\/p>\n<p>&nbsp;<\/p>\n<p><em><strong>Por Marcelo Ricardo Hawrylciw<\/strong><\/em><\/p>\n<p>&nbsp;<\/p>\n","protected":false},"excerpt":{"rendered":"<p>\u00a0 A las constantes denuncias contra la gesti\u00f3n del intendente Jorge Ferraresi, se suma un nuevo y m\u00e1s fuerte cap\u00edtulo entre la supuesta pelea entre el intendente y el sindicato de trabajadores de Avellaneda (STMA), supuesta porque el intendente oculta en una supuesta disputa ideol\u00f3gica nuevamente intereses econ\u00f3micos que benefician a \u00e9l y a sus&hellip;<\/p>\n","protected":false},"author":1,"featured_media":0,"comment_status":"open","ping_status":"open","sticky":false,"template":"","format":"standard","meta":{"footnotes":""},"categories":[10],"tags":[461,154,18556,4830,22005,17388,269,19158],"class_list":["post-53359","post","type-post","status-publish","format-standard","hentry","category-editorial","tag-avellaneda","tag-buenos-aires","tag-daniel-aversa","tag-descuento","tag-femeba","tag-municipalidad-de-avellaneda","tag-obra-social","tag-smta"],"_links":{"self":[{"href":"https:\/\/www.elsindical.com.ar\/notas\/wp-json\/wp\/v2\/posts\/53359","targetHints":{"allow":["GET"]}}],"collection":[{"href":"https:\/\/www.elsindical.com.ar\/notas\/wp-json\/wp\/v2\/posts"}],"about":[{"href":"https:\/\/www.elsindical.com.ar\/notas\/wp-json\/wp\/v2\/types\/post"}],"author":[{"embeddable":true,"href":"https:\/\/www.elsindical.com.ar\/notas\/wp-json\/wp\/v2\/users\/1"}],"replies":[{"embeddable":true,"href":"https:\/\/www.elsindical.com.ar\/notas\/wp-json\/wp\/v2\/comments?post=53359"}],"version-history":[{"count":3,"href":"https:\/\/www.elsindical.com.ar\/notas\/wp-json\/wp\/v2\/posts\/53359\/revisions"}],"predecessor-version":[{"id":53368,"href":"https:\/\/www.elsindical.com.ar\/notas\/wp-json\/wp\/v2\/posts\/53359\/revisions\/53368"}],"wp:attachment":[{"href":"https:\/\/www.elsindical.com.ar\/notas\/wp-json\/wp\/v2\/media?parent=53359"}],"wp:term":[{"taxonomy":"category","embeddable":true,"href":"https:\/\/www.elsindical.com.ar\/notas\/wp-json\/wp\/v2\/categories?post=53359"},{"taxonomy":"post_tag","embeddable":true,"href":"https:\/\/www.elsindical.com.ar\/notas\/wp-json\/wp\/v2\/tags?post=53359"}],"curies":[{"name":"wp","href":"https:\/\/api.w.org\/{rel}","templated":true}]}}