{"id":5328,"date":"2010-04-06T00:15:57","date_gmt":"2010-04-06T03:15:57","guid":{"rendered":"http:\/\/www.elsindical.com.ar\/notas\/?p=5328"},"modified":"2010-04-06T00:15:57","modified_gmt":"2010-04-06T03:15:57","slug":"oyarbide-cito-a-indagatoria-a-mauricio-macri-montenegro-y-narodowski","status":"publish","type":"post","link":"https:\/\/www.elsindical.com.ar\/notas\/oyarbide-cito-a-indagatoria-a-mauricio-macri-montenegro-y-narodowski\/","title":{"rendered":"Oyarbide cit\u00f3 a indagatoria a Mauricio Macri, Montenegro y Narodowski"},"content":{"rendered":"<p style=\"text-align: justify;\"><a href=\"http:\/\/www.elsindical.com.ar\/notas\/var\/www\/html\/notas\/wp-content\/uploads\/2010\/04\/Macri-y-James.jpg\"><img loading=\"lazy\" decoding=\"async\" class=\"alignleft size-full wp-image-5329\" title=\"Macri--y-James\" src=\"http:\/\/www.elsindical.com.ar\/notas\/var\/www\/html\/notas\/wp-content\/uploads\/2010\/04\/Macri-y-James.jpg\" alt=\"\" width=\"227\" height=\"136\" \/><\/a>La citaci\u00f3n es para el pr\u00f3ximo 28 de abril y el Jefe de Gobierno porte\u00f1o Mauricio Macri deber\u00e1 responder acerca de su relaci\u00f3n con el ex comisario Jorge \u00abFino\u00bb Palacios y el esp\u00eda Ciro James, los principales imputados en la causa por las escuchas ilegales en el \u00e1mbito de la ciudad. Tambi\u00e9n fueron citados para el 13 de abril ex titular de la cartera de Educaci\u00f3n, Mariano Narodowski, y para el 23 del mismo mes al ministro de Seguridad porte\u00f1o, Guillermo Montenegro.<\/p>\n<p style=\"text-align: justify;\">El jefe de Gobierno porte\u00f1o, Mauricio Macri, y dos de sus ministros fueron citados a declaraci\u00f3n indagatoria por el juez federal Norberto Oyarbide en la causa por las escuchas ilegales en el \u00e1mbito de la ciudad.<\/p>\n<p style=\"text-align: justify;\">La citaci\u00f3n es para el pr\u00f3ximo 28 de abril y Macri deber\u00e1 responder acerca de su relaci\u00f3n con el ex comisario Jorge \u00abFino\u00bb Palacios y el esp\u00eda Ciro James, los principales imputados en la causa, informaron fuentes judiciales a la agencia Noticias Argentinas.<\/p>\n<p style=\"text-align: justify;\">Tambi\u00e9n fueron citados para el 13 de abril ex titular de la cartera de Educaci\u00f3n, Mariano Narodowski, y para el 23 del mismo mes al ministro de Seguridad porte\u00f1o, Guillermo Montenegro, para que expliquen si conoc\u00edan qu\u00e9 funcionarios bajo su \u00f3rbita estaban \u00abinterceptando llamadas\u00bb telef\u00f3nicas.<\/p>\n<p style=\"text-align: justify;\">La citaci\u00f3n ya hab\u00eda sido anticipada por el juez Oyarbide y su decisi\u00f3n fue catalogada como un \u00abdisparate\u00bb por el Gobierno porte\u00f1o.\u00a0<\/p>\n<p style=\"text-align: justify;\">\u00abLa C\u00e1mara Federal confirm\u00f3 pr\u00e1cticamente de un modo completo todo mi trabajo respecto de la ampliaci\u00f3n del auto de procesamiento, esto hace al delito de asociaci\u00f3n il\u00edcita que, como se sabe, es un delito grav\u00edsimo en el C\u00f3digo Penal\u00bb, se\u00f1al\u00f3 Oyarbide.<\/p>\n<p style=\"text-align: justify;\">Desde Salta, el juez sostuvo que la C\u00e1mara le orden\u00f3 que profundice la investigaci\u00f3n por las escuchas, por lo que hab\u00eda anticipado que analizar\u00eda todo lo realizado y continuar\u00eda \u00ablos rumbos\u00bb de la causa.<\/p>\n<p style=\"text-align: justify;\">Lo dijo antes de que Sergio Burstein, familiar de una v\u00edctima de la AMIA y uno de los perjudicados por las escuchas, solicitara la citaci\u00f3n del jefe de Gobierno al igual que la de su ministro de Seguridad.<\/p>\n<p style=\"text-align: justify;\">Seg\u00fan indicaron fuentes judiciales, Burstein tambi\u00e9n reclam\u00f3 que sea nuevamente convocado a declarar el ex ministro Narodowski, quien ya fue indagado a fines de 2009, y cuya situaci\u00f3n procesal qued\u00f3 en suspenso luego que la C\u00e1mara Federal determinara que esa parte de la investigaci\u00f3n debe tramitarse ante la justicia ordinaria y no federal.<\/p>\n<p style=\"text-align: justify;\">Ante esta situaci\u00f3n, el jefe de Gabinete porte\u00f1o, Horacio Rodr\u00edguez Larreta, hab\u00eda asegurado que \u00abser\u00eda un disparate total\u00bb que Macri fuera convocado a declarar por la Justicia.<\/p>\n<p style=\"text-align: justify;\">\u00abNos preocupa que el juez haya empezado a hablar por los medios como lo ven\u00eda haciendo antes\u00bb, advirti\u00f3 el jefe de Gabinete porte\u00f1o, Rodr\u00edguez Larreta, al t\u00e9rmino de una reuni\u00f3n del Gabinete porte\u00f1o de la que Macri se retir\u00f3 sin realizar declaraciones.<\/p>\n<p style=\"text-align: justify;\">La semana pasada, la C\u00e1mara Federal confirm\u00f3 los procesamientos con prisi\u00f3n preventiva del esp\u00eda James y del ex jefe de la Polic\u00eda Metropolitana Jorge \u00abFino\u00bb Palacios y, ante nuevos casos de escuchas ilegales y falsedad ideol\u00f3gica, los ampli\u00f3 y les endilg\u00f3 el delito de \u00abasociaci\u00f3n il\u00edcita\u00bb.<\/p>\n<p style=\"text-align: justify;\">Seg\u00fan el fallo, de 36 carillas, se determin\u00f3 que durante diversos per\u00edodos temporales se interceptaron las llamadas de N\u00e9stor Daniel Leonardo (cu\u00f1ado de Macri), Rodrigo Velazco, Carlos \u00c1vila, Daniela Rocca, Sergio Burstein, Federico Infante, Jorge Navarro Castex, Francisco Castex y Susana Saint Porres. Los camaristas Eduardo Freiler, Jorge Ballestero y Eduardo Farah explicaron que entre James y Palacios se \u00abregistraron 191<br \/>\nllamadas (incluyendo intentos de comunicaci\u00f3n) durante el 1 de diciembre de 2008 y el 28 de septiembre de 2009\u00bb.<\/p>\n<p style=\"text-align: justify;\">En ese sentido, muchas de ellas coinciden con las fechas en que el esp\u00eda y ex empleado del Gobierno porte\u00f1o retiraba los casetes de la SIDE con el contenido de las escuchas.<\/p>\n<p style=\"text-align: justify;\">En la investigaci\u00f3n se pudo demostrar, que las intervenciones eran solicitadas por personal policial de Misiones, simulando la existencia de posibles causas contra los propietarios de las l\u00edneas telef\u00f3nicas y fueron autorizadas por dos jueces de Posadas.<\/p>\n<p style=\"text-align: justify;\">En el mismo fallo, los jueces ratificaron los procesamientos por asociaci\u00f3n il\u00edcita a los polic\u00edas misioneros Diego Gast\u00f3n Guarda, Ra\u00fal Rojas, David Amaral, Antonio Fern\u00e1ndez y Rub\u00e9n Quintana. Asimismo decretaron la \u00abfalta de m\u00e9rito\u00bb para los secretarios judiciales de misiones M\u00f3nica Gonz\u00e1lez, Lidia Kruchowski, Fernando Castelli, y Augusto Busse.<\/p>\n","protected":false},"excerpt":{"rendered":"<p>La citaci\u00f3n es para el pr\u00f3ximo 28 de abril y el Jefe de Gobierno porte\u00f1o Mauricio Macri deber\u00e1 responder acerca de su relaci\u00f3n con el ex comisario Jorge \u00abFino\u00bb Palacios y el esp\u00eda Ciro James, los principales imputados en la causa por las escuchas ilegales en el \u00e1mbito de la ciudad. Tambi\u00e9n fueron citados para&hellip;<\/p>\n","protected":false},"author":1,"featured_media":0,"comment_status":"open","ping_status":"open","sticky":false,"template":"","format":"standard","meta":{"footnotes":""},"categories":[1,20],"tags":[549,593,673,1983,968,41,641,76],"class_list":["post-5328","post","type-post","status-publish","format-standard","hentry","category-destacadas","category-judiciales","tag-ciro-gerardo-james","tag-escuchas","tag-guillermo-montenegro","tag-indagatoria","tag-jorge-fino-palacios","tag-justicia","tag-mariano-narodowski","tag-mauricio-macri"],"_links":{"self":[{"href":"https:\/\/www.elsindical.com.ar\/notas\/wp-json\/wp\/v2\/posts\/5328","targetHints":{"allow":["GET"]}}],"collection":[{"href":"https:\/\/www.elsindical.com.ar\/notas\/wp-json\/wp\/v2\/posts"}],"about":[{"href":"https:\/\/www.elsindical.com.ar\/notas\/wp-json\/wp\/v2\/types\/post"}],"author":[{"embeddable":true,"href":"https:\/\/www.elsindical.com.ar\/notas\/wp-json\/wp\/v2\/users\/1"}],"replies":[{"embeddable":true,"href":"https:\/\/www.elsindical.com.ar\/notas\/wp-json\/wp\/v2\/comments?post=5328"}],"version-history":[{"count":1,"href":"https:\/\/www.elsindical.com.ar\/notas\/wp-json\/wp\/v2\/posts\/5328\/revisions"}],"predecessor-version":[{"id":5330,"href":"https:\/\/www.elsindical.com.ar\/notas\/wp-json\/wp\/v2\/posts\/5328\/revisions\/5330"}],"wp:attachment":[{"href":"https:\/\/www.elsindical.com.ar\/notas\/wp-json\/wp\/v2\/media?parent=5328"}],"wp:term":[{"taxonomy":"category","embeddable":true,"href":"https:\/\/www.elsindical.com.ar\/notas\/wp-json\/wp\/v2\/categories?post=5328"},{"taxonomy":"post_tag","embeddable":true,"href":"https:\/\/www.elsindical.com.ar\/notas\/wp-json\/wp\/v2\/tags?post=5328"}],"curies":[{"name":"wp","href":"https:\/\/api.w.org\/{rel}","templated":true}]}}