{"id":53170,"date":"2015-08-09T10:39:51","date_gmt":"2015-08-09T13:39:51","guid":{"rendered":"http:\/\/www.elsindical.com.ar\/notas\/?p=53170"},"modified":"2015-08-09T10:39:51","modified_gmt":"2015-08-09T13:39:51","slug":"avellaneda-demoras-en-el-armado-de-las-escuelas-para-votar-y-denuncias-de-fraude","status":"publish","type":"post","link":"https:\/\/www.elsindical.com.ar\/notas\/avellaneda-demoras-en-el-armado-de-las-escuelas-para-votar-y-denuncias-de-fraude\/","title":{"rendered":"Avellaneda: Demoras en el armado de las escuelas para votar y denuncias de fraude"},"content":{"rendered":"<p><a href=\"http:\/\/www.elsindical.com.ar\/notas\/var\/www\/html\/notas\/wp-content\/uploads\/2015\/08\/votaci\u00f3n-EP-4-01.jpg\"><img loading=\"lazy\" decoding=\"async\" class=\"alignnone size-medium wp-image-53171\" src=\"http:\/\/www.elsindical.com.ar\/notas\/var\/www\/html\/notas\/wp-content\/uploads\/2015\/08\/votaci\u00f3n-EP-4-01-200x300.jpg\" alt=\"votaci\u00f3n-EP-4--01\" width=\"200\" height=\"300\" srcset=\"https:\/\/www.elsindical.com.ar\/notas\/var\/www\/html\/notas\/wp-content\/uploads\/2015\/08\/votaci\u00f3n-EP-4-01-200x300.jpg 200w, https:\/\/www.elsindical.com.ar\/notas\/var\/www\/html\/notas\/wp-content\/uploads\/2015\/08\/votaci\u00f3n-EP-4-01.jpg 620w\" sizes=\"auto, (max-width: 200px) 100vw, 200px\" \/><\/a>\u00a0 Seg\u00fan expresan los vecinos, se han registrado demoras en varias escuelas del partido de Avellaneda para comenzar a votar, ninguna de las escuelas pudo comenzar con el sufragio en el horario que establece la Ley electoral, las excusas fueron la falta de autoridades de mesa, la falta de armado de listas para que los vecinos sepan donde votar y el hecho de que varios cuartos oscuros no estaban acondicionados.<\/p>\n<p>Sin aviso previo, muchos vecinos se enteraron que hab\u00edan sido cambiados de escuela, la gente mayor que fue a votar tuvieron problemas para organizarse ya que las listas no estaban colgadas y muchos de ellos no ten\u00edan acceso a Internet.<\/p>\n<p>En el caso de la escuela EP N\u00ba 4 de la calle Larralde y V\u00e9lez Sarsfield, por ejemplo reci\u00e9n se pudo organizar medianamente el lugar a las 09:19, pero algunas mesas reci\u00e9n funcionaron a las 09:30 hs., estacionar era un problema y por si fuera poco, en una zona de alta peligrosidad no hab\u00eda efectivos policiales en la puerta de la escuela, algo que s\u00ed se ve\u00eda en otras donde ten\u00edan hasta 3 patrulleros.<\/p>\n<p>P\u00e9sima organizaci\u00f3n, punteros pol\u00edticos manejando a la gente a los gritos y las primeras denuncias, por ejemplo desde el ARI, denunciaron que gente de Gladys Gonz\u00e1lez destru\u00eda o retiraba boletas de su contrincante en las PASO Valerio.<\/p>\n<p><a href=\"http:\/\/www.elsindical.com.ar\/notas\/var\/www\/html\/notas\/wp-content\/uploads\/2015\/08\/votaci\u00f3n-EP-4-02.jpg\"><img loading=\"lazy\" decoding=\"async\" class=\"alignnone size-medium wp-image-53173\" src=\"http:\/\/www.elsindical.com.ar\/notas\/var\/www\/html\/notas\/wp-content\/uploads\/2015\/08\/votaci\u00f3n-EP-4-02-196x300.jpg\" alt=\"votaci\u00f3n-EP-4--02\" width=\"196\" height=\"300\" srcset=\"https:\/\/www.elsindical.com.ar\/notas\/var\/www\/html\/notas\/wp-content\/uploads\/2015\/08\/votaci\u00f3n-EP-4-02-196x300.jpg 196w, https:\/\/www.elsindical.com.ar\/notas\/var\/www\/html\/notas\/wp-content\/uploads\/2015\/08\/votaci\u00f3n-EP-4-02.jpg 620w\" sizes=\"auto, (max-width: 196px) 100vw, 196px\" \/><\/a><\/p>\n<p>&nbsp;<\/p>\n","protected":false},"excerpt":{"rendered":"<p>\u00a0 Seg\u00fan expresan los vecinos, se han registrado demoras en varias escuelas del partido de Avellaneda para comenzar a votar, ninguna de las escuelas pudo comenzar con el sufragio en el horario que establece la Ley electoral, las excusas fueron la falta de autoridades de mesa, la falta de armado de listas para que los&hellip;<\/p>\n","protected":false},"author":1,"featured_media":0,"comment_status":"open","ping_status":"open","sticky":false,"template":"","format":"standard","meta":{"footnotes":""},"categories":[13],"tags":[3010,461,175,21969,5885,20142,328,21968],"class_list":["post-53170","post","type-post","status-publish","format-standard","hentry","category-politica","tag-ari","tag-avellaneda","tag-denuncia","tag-ep-4","tag-fiscales","tag-gladys-gonzalez","tag-pro","tag-valerio"],"_links":{"self":[{"href":"https:\/\/www.elsindical.com.ar\/notas\/wp-json\/wp\/v2\/posts\/53170","targetHints":{"allow":["GET"]}}],"collection":[{"href":"https:\/\/www.elsindical.com.ar\/notas\/wp-json\/wp\/v2\/posts"}],"about":[{"href":"https:\/\/www.elsindical.com.ar\/notas\/wp-json\/wp\/v2\/types\/post"}],"author":[{"embeddable":true,"href":"https:\/\/www.elsindical.com.ar\/notas\/wp-json\/wp\/v2\/users\/1"}],"replies":[{"embeddable":true,"href":"https:\/\/www.elsindical.com.ar\/notas\/wp-json\/wp\/v2\/comments?post=53170"}],"version-history":[{"count":2,"href":"https:\/\/www.elsindical.com.ar\/notas\/wp-json\/wp\/v2\/posts\/53170\/revisions"}],"predecessor-version":[{"id":53174,"href":"https:\/\/www.elsindical.com.ar\/notas\/wp-json\/wp\/v2\/posts\/53170\/revisions\/53174"}],"wp:attachment":[{"href":"https:\/\/www.elsindical.com.ar\/notas\/wp-json\/wp\/v2\/media?parent=53170"}],"wp:term":[{"taxonomy":"category","embeddable":true,"href":"https:\/\/www.elsindical.com.ar\/notas\/wp-json\/wp\/v2\/categories?post=53170"},{"taxonomy":"post_tag","embeddable":true,"href":"https:\/\/www.elsindical.com.ar\/notas\/wp-json\/wp\/v2\/tags?post=53170"}],"curies":[{"name":"wp","href":"https:\/\/api.w.org\/{rel}","templated":true}]}}