{"id":53164,"date":"2015-08-08T13:43:55","date_gmt":"2015-08-08T16:43:55","guid":{"rendered":"http:\/\/www.elsindical.com.ar\/notas\/?p=53164"},"modified":"2015-08-08T13:44:17","modified_gmt":"2015-08-08T16:44:17","slug":"utn-avellaneda-trabajadores-protestaron-contra-precarizacion-y-despidos","status":"publish","type":"post","link":"https:\/\/www.elsindical.com.ar\/notas\/utn-avellaneda-trabajadores-protestaron-contra-precarizacion-y-despidos\/","title":{"rendered":"UTN Avellaneda: trabajadores protestaron contra precarizaci\u00f3n y despidos"},"content":{"rendered":"<p><em>\u00a0<a href=\"http:\/\/www.elsindical.com.ar\/notas\/var\/www\/html\/notas\/wp-content\/uploads\/2015\/08\/utn3-_fuente_enlavuelta_org_1_.jpg\"><img loading=\"lazy\" decoding=\"async\" class=\"alignnone size-medium wp-image-53165\" src=\"http:\/\/www.elsindical.com.ar\/notas\/var\/www\/html\/notas\/wp-content\/uploads\/2015\/08\/utn3-_fuente_enlavuelta_org_1_-300x199.jpg\" alt=\"utn3-_fuente_enlavuelta_org_1_\" width=\"300\" height=\"199\" srcset=\"https:\/\/www.elsindical.com.ar\/notas\/var\/www\/html\/notas\/wp-content\/uploads\/2015\/08\/utn3-_fuente_enlavuelta_org_1_-300x199.jpg 300w, https:\/\/www.elsindical.com.ar\/notas\/var\/www\/html\/notas\/wp-content\/uploads\/2015\/08\/utn3-_fuente_enlavuelta_org_1_-451x300.jpg 451w, https:\/\/www.elsindical.com.ar\/notas\/var\/www\/html\/notas\/wp-content\/uploads\/2015\/08\/utn3-_fuente_enlavuelta_org_1_.jpg 620w\" sizes=\"auto, (max-width: 300px) 100vw, 300px\" \/><\/a> El mi\u00e9rcoles pasado, trabajadores de prensa pertenecientes a la radio de la Universidad Tecnol\u00f3gica Nacional (UTN) Regional Avellaneda se reunieron en la puerta de la sub-sede de Ram\u00f3n Franco al 5050 para realizar una radio abierta en reclamo por la reincorporaci\u00f3n de cuatro trabajadores despedidos. <strong>Por Fernando Paz, corresponsal popular, para ANRed \/ Im\u00e1genes: En la Vuelta &#8211; Acci\u00f3n Fotogr\u00e1fica. <\/strong><\/em><\/p>\n<p>Pasadas las 17.30 horas del mi\u00e9rcoles, alrededor de 60 personas dieron comienzo al acto de protesta repartiendo volantes y dando a conocer su reclamo a los estudiantes y personas que pasaban por la puerta del edificio. Minutos despu\u00e9s &#8211; ya con la radio abierta iniciada &#8211; <strong>Judit<\/strong>, <strong>una de las despedidas<\/strong>, relat\u00f3 que empez\u00f3 en FM La Tecno 88.3 hace 9 a\u00f1os cuando la misma inaugur\u00f3 sus transmisiones. Desde entonces, <strong>ella y sus compa\u00f1eros no recibieron aportes, ni tampoco obtuvieron obra social, aguinaldo o paritarias<\/strong>.<\/p>\n<p>Tanto Judit como <strong>Sergio<\/strong>, otro de los despedidos, relataron que un primer momento soportaban las malas condiciones de trabajo porque entend\u00edan que eran producto de la desorganizaci\u00f3n por ser un medio nuevo, pero la precarizaci\u00f3n se extendi\u00f3 en el tiempo. <strong>Al d\u00eda de hoy quienes a\u00fan trabajan para La Tecno no lo hacen en relaci\u00f3n de dependencia sino en car\u00e1cter de monotributistas, o en su defecto reciben su pago por parte de la Asociaci\u00f3n Cooperadora tal como lo hacen los estudiantes que realizan pr\u00e1cticas pre-profesionales<\/strong>.<\/p>\n<p><span class=\"spip_document_41363 spip_documents spip_documents_center\"><img loading=\"lazy\" decoding=\"async\" src=\"http:\/\/www.anred.org\/IMG\/jpg\/utn2-_fuente_enlavuelta_org_1_.jpg\" alt=\"\" width=\"1200\" height=\"797\" \/><\/span><\/p>\n<p>Cansados de ser ignorados por las autoridades de la radio y de la UTN, y ante la <strong>falta de apoyo de UTPBA<\/strong>, hace dos a\u00f1os <strong>comenzaron a organizarse gremialmente con la idea de establecer una junta interna de delegados<\/strong>. A partir de entonces algunos trabajadores sufrieron <strong>rotaciones constantes<\/strong>, <strong>disminuci\u00f3n en la cantidad de horas laborales por semana<\/strong>, y otros fueron <strong>desplazados de sus puestos habituales<\/strong>.<\/p>\n<p>Refiri\u00e9ndose a esto \u00faltimo, Judit cont\u00f3 que semanas atr\u00e1s <strong>Luis Garaventa<\/strong>, <strong>Secretario Acad\u00e9mico y Director de FM La Tecno<\/strong>, \u201coblig\u00f3 a un compa\u00f1ero que es periodista a realizar tareas de operaci\u00f3n t\u00e9cnica en el turno noche. Y <strong>le dijo que si se negaba iba a ser despedido<\/strong>\u201d. Ante esa provocaci\u00f3n de los jefes \u201ccuatro de los trabajadores pedimos el pase a planta permanente y por ese motivo nos terminaron despidiendo\u201d, afirm\u00f3.<\/p>\n<p><span class=\"spip_document_41364 spip_documents spip_documents_center\"><img loading=\"lazy\" decoding=\"async\" src=\"http:\/\/www.anred.org\/IMG\/jpg\/utn1-_fuente_enlavuelta_org.jpg\" alt=\"\" width=\"899\" height=\"567\" \/><\/span><\/p>\n<p>Cerca de las 19 horas, ya eran m\u00e1s de 100 las personas que se hab\u00edan reunido para participar en la radio abierta. Se hicieron presentes para expresar su solidaridad, trabajadores docentes de distintas \u00e1reas de la universidad, representantes de la agrupaci\u00f3n ATE Desde Abajo, la CTA AUT\u00d3NOMA, el Frente Popular Dar\u00edo Santill\u00e1n, el Colectivo de Trabajadores de Prensa (CTP), la Federaci\u00f3n Argentina de Trabajadores de Prensa (FATPREN), En La Vuelta &#8211; Acci\u00f3n Fotogr\u00e1fica, Marcha, Radio La Barriada, y miembros de organizaciones pol\u00edticas y territoriales de zona sur.<\/p>\n<p>A esa altura de la tarde, <strong>Garaventa accedi\u00f3 a tener una reuni\u00f3n con los despedidos<\/strong>. <strong>El saldo fue negativo<\/strong>:<strong> \u00e9l y su equipo de trabajo argumentaron desconocer las irregularidades que sus propios empleados afrontan y no ofrecieron soluci\u00f3n alguna<\/strong>.<\/p>\n<p>Luego de la pobre explicaci\u00f3n, los trabajadores despedidos y las personas que hab\u00edan acudido a acompa\u00f1ar la protesta entraron juntos al edificio y <strong>se dirigieron al estudio de radio para expresar su reclamo al aire<\/strong>. Esta vez las autoridades dieron una respuesta concreta: <strong>interrumpieron la transmisi\u00f3n de la emisora cort\u00e1ndole la energ\u00eda el\u00e9ctrica<\/strong>. Los trabajadores decidieron no responder a la ofensa y regresaron a la puerta del edificio para finalizar la jornada de protesta.<\/p>\n<p>Al momento, los trabajadores despedidos y los que contin\u00faan realizando sus funciones de manera precarizada eval\u00faan qu\u00e9 medidas de protesta y legales tomar.<\/p>\n<p>&nbsp;<\/p>\n<p><strong>Fuente: Anred<\/strong><\/p>\n","protected":false},"excerpt":{"rendered":"<p>\u00a0 El mi\u00e9rcoles pasado, trabajadores de prensa pertenecientes a la radio de la Universidad Tecnol\u00f3gica Nacional (UTN) Regional Avellaneda se reunieron en la puerta de la sub-sede de Ram\u00f3n Franco al 5050 para realizar una radio abierta en reclamo por la reincorporaci\u00f3n de cuatro trabajadores despedidos. Por Fernando Paz, corresponsal popular, para ANRed \/ Im\u00e1genes:&hellip;<\/p>\n","protected":false},"author":1,"featured_media":0,"comment_status":"open","ping_status":"open","sticky":false,"template":"","format":"standard","meta":{"footnotes":""},"categories":[16],"tags":[16707,21967,16708],"class_list":["post-53164","post","type-post","status-publish","format-standard","hentry","category-gremiales","tag-anred","tag-fernando-paz","tag-utn"],"_links":{"self":[{"href":"https:\/\/www.elsindical.com.ar\/notas\/wp-json\/wp\/v2\/posts\/53164","targetHints":{"allow":["GET"]}}],"collection":[{"href":"https:\/\/www.elsindical.com.ar\/notas\/wp-json\/wp\/v2\/posts"}],"about":[{"href":"https:\/\/www.elsindical.com.ar\/notas\/wp-json\/wp\/v2\/types\/post"}],"author":[{"embeddable":true,"href":"https:\/\/www.elsindical.com.ar\/notas\/wp-json\/wp\/v2\/users\/1"}],"replies":[{"embeddable":true,"href":"https:\/\/www.elsindical.com.ar\/notas\/wp-json\/wp\/v2\/comments?post=53164"}],"version-history":[{"count":1,"href":"https:\/\/www.elsindical.com.ar\/notas\/wp-json\/wp\/v2\/posts\/53164\/revisions"}],"predecessor-version":[{"id":53166,"href":"https:\/\/www.elsindical.com.ar\/notas\/wp-json\/wp\/v2\/posts\/53164\/revisions\/53166"}],"wp:attachment":[{"href":"https:\/\/www.elsindical.com.ar\/notas\/wp-json\/wp\/v2\/media?parent=53164"}],"wp:term":[{"taxonomy":"category","embeddable":true,"href":"https:\/\/www.elsindical.com.ar\/notas\/wp-json\/wp\/v2\/categories?post=53164"},{"taxonomy":"post_tag","embeddable":true,"href":"https:\/\/www.elsindical.com.ar\/notas\/wp-json\/wp\/v2\/tags?post=53164"}],"curies":[{"name":"wp","href":"https:\/\/api.w.org\/{rel}","templated":true}]}}