{"id":5312,"date":"2010-04-05T19:22:41","date_gmt":"2010-04-05T22:22:41","guid":{"rendered":"http:\/\/www.elsindical.com.ar\/notas\/?p=5312"},"modified":"2010-04-05T19:22:41","modified_gmt":"2010-04-05T22:22:41","slug":"juan-jose-alvarez-relaciono-el-robo-a-su-oficina-con-la-politica","status":"publish","type":"post","link":"https:\/\/www.elsindical.com.ar\/notas\/juan-jose-alvarez-relaciono-el-robo-a-su-oficina-con-la-politica\/","title":{"rendered":"Juan Jos\u00e9 \u00c1lvarez: Relacion\u00f3 el robo a su oficina con la pol\u00edtica"},"content":{"rendered":"<p style=\"text-align: justify;\"><em><a href=\"http:\/\/www.elsindical.com.ar\/notas\/var\/www\/html\/notas\/wp-content\/uploads\/2010\/04\/Juan-Jos\u00e9-\u00c1lvarez-pensando.jpg\"><img loading=\"lazy\" decoding=\"async\" class=\"alignleft size-full wp-image-5313\" title=\"Juan-Jos\u00e9-\u00c1lvarez-pensando\" src=\"http:\/\/www.elsindical.com.ar\/notas\/var\/www\/html\/notas\/wp-content\/uploads\/2010\/04\/Juan-Jos\u00e9-\u00c1lvarez-pensando.jpg\" alt=\"\" width=\"227\" height=\"204\" \/><\/a>El diputado nacional <strong>Juan Jos\u00e9 \u00c1lvarez <\/strong>asegur\u00f3 que se trat\u00f3 de un robo \u00abque <strong>viene de la pol\u00edtica<\/strong>\u00ab. \u00c1lvarez dijo que se trat\u00f3 de un trabajo \u00ablimpio\u00bb, es decir que los asaltantes no dejaron huellas, y que \u00abocurri\u00f3 del jueves para ac\u00e1, cualquier d\u00eda\u00bb.<\/em><\/p>\n<p style=\"text-align: justify;\">El diputado cont\u00f3 que su estudio jur\u00eddico est\u00e1 ubicado en el barrio de la <strong>Recoleta<\/strong>, a pocos metros del cementerio y muy cerca de la zona tur\u00edstica, \u00abdonde hay mucho movimiento de gente\u00bb. \u00abPor eso la polic\u00eda considera que es un trabajo excesivamente &#8216;limpio&#8217;. <strong>No hay marcas de violencia<\/strong>. <strong>Entraron como si la puerta estuviera abierta y se llevaron la caja fuerte que pesa 300 kilos como si pesara 5<\/strong>\u00ab.<br \/>\n\u00a0<br \/>\n\u00abJuanjo\u00bb \u00c1lvarez sostuvo que el robo tuvo \u00abun nivel de profesionalidad importante\u00bb y si bien evit\u00f3 relacionarlo a alg\u00fan hecho puntual, s\u00ed asegur\u00f3 que se trat\u00f3 de algo \u00abrelacionado con la pol\u00edtica\u00bb. \u00abUno siempre est\u00e1 estudiando cosas, mirando cosas\u2026 uno recibe denuncias. En la caja fuerte hab\u00eda documentaci\u00f3n. <strong>He trabajado en cosas importantes como para aventurar hip\u00f3tesis. Ser\u00eda un irresponsable y un imprudente<\/strong>\u00ab, agreg\u00f3.<\/p>\n<p>\u00a0<br \/>\nEl legislador\u00a0precis\u00f3 que se enter\u00f3 hoy lunes, y que el robo incluy\u00f3 dos computadoras en las que \u00abhay informaci\u00f3n que puede ser sensible\u00bb. Adem\u00e1s, agreg\u00f3 que \u00abno falta nada de otros objetos de valor\u00bb y que quienes ingresaron al estudio dejaron todo \u00abcon un orden impresionante\u00bb. <strong>\u00abLa persona que fue a la ma\u00f1ana a limpiar pens\u00f3 que la computadora la hab\u00edan llevado a arreglar por el orden que hab\u00eda\u00bb.<\/strong><\/p>\n<p>Juan Jos\u00e9 \u00c1lvarez es diputado nacional por la provincia de Buenos Aires y forma parte del bloque del peronismo disidente. En su larga trayectoria pol\u00edtica, fue ministro en la Ciudad tras la tragedia de Croma\u00f1\u00f3n y ministro de Justicia durante la presidencia de Eduardo Duhalde (2002-2003). Anteriormente, fue dos veces ministro en la Provincia e intendente de Hurlingham.<\/p>\n","protected":false},"excerpt":{"rendered":"<p>El diputado nacional Juan Jos\u00e9 \u00c1lvarez asegur\u00f3 que se trat\u00f3 de un robo \u00abque viene de la pol\u00edtica\u00ab. \u00c1lvarez dijo que se trat\u00f3 de un trabajo \u00ablimpio\u00bb, es decir que los asaltantes no dejaron huellas, y que \u00abocurri\u00f3 del jueves para ac\u00e1, cualquier d\u00eda\u00bb. El diputado cont\u00f3 que su estudio jur\u00eddico est\u00e1 ubicado en el&hellip;<\/p>\n","protected":false},"author":1,"featured_media":0,"comment_status":"open","ping_status":"open","sticky":false,"template":"","format":"standard","meta":{"footnotes":""},"categories":[22],"tags":[2814,2816,581,2817,2813,2815,30,22025,2173,116],"class_list":["post-5312","post","type-post","status-publish","format-standard","hentry","category-policiales","tag-caja-fuerte","tag-computadoras","tag-delincuentes","tag-diputado-nacional","tag-juan-jose-alvarez","tag-oficina","tag-policia","tag-politica","tag-profesionales","tag-robo"],"_links":{"self":[{"href":"https:\/\/www.elsindical.com.ar\/notas\/wp-json\/wp\/v2\/posts\/5312","targetHints":{"allow":["GET"]}}],"collection":[{"href":"https:\/\/www.elsindical.com.ar\/notas\/wp-json\/wp\/v2\/posts"}],"about":[{"href":"https:\/\/www.elsindical.com.ar\/notas\/wp-json\/wp\/v2\/types\/post"}],"author":[{"embeddable":true,"href":"https:\/\/www.elsindical.com.ar\/notas\/wp-json\/wp\/v2\/users\/1"}],"replies":[{"embeddable":true,"href":"https:\/\/www.elsindical.com.ar\/notas\/wp-json\/wp\/v2\/comments?post=5312"}],"version-history":[{"count":1,"href":"https:\/\/www.elsindical.com.ar\/notas\/wp-json\/wp\/v2\/posts\/5312\/revisions"}],"predecessor-version":[{"id":5314,"href":"https:\/\/www.elsindical.com.ar\/notas\/wp-json\/wp\/v2\/posts\/5312\/revisions\/5314"}],"wp:attachment":[{"href":"https:\/\/www.elsindical.com.ar\/notas\/wp-json\/wp\/v2\/media?parent=5312"}],"wp:term":[{"taxonomy":"category","embeddable":true,"href":"https:\/\/www.elsindical.com.ar\/notas\/wp-json\/wp\/v2\/categories?post=5312"},{"taxonomy":"post_tag","embeddable":true,"href":"https:\/\/www.elsindical.com.ar\/notas\/wp-json\/wp\/v2\/tags?post=5312"}],"curies":[{"name":"wp","href":"https:\/\/api.w.org\/{rel}","templated":true}]}}