{"id":52988,"date":"2015-07-31T18:52:02","date_gmt":"2015-07-31T21:52:02","guid":{"rendered":"http:\/\/www.elsindical.com.ar\/notas\/?p=52988"},"modified":"2015-07-31T18:52:02","modified_gmt":"2015-07-31T21:52:02","slug":"mujer-policia-continua-grave-luego-de-ser-arrollada-para-robarle-el-arma","status":"publish","type":"post","link":"https:\/\/www.elsindical.com.ar\/notas\/mujer-policia-continua-grave-luego-de-ser-arrollada-para-robarle-el-arma\/","title":{"rendered":"Mujer polic\u00eda contin\u00faa grave luego de ser arrollada para robarle el arma"},"content":{"rendered":"<p><a href=\"http:\/\/www.elsindical.com.ar\/notas\/var\/www\/html\/notas\/wp-content\/uploads\/2015\/07\/Mar\u00eda-Bel\u00e9n-Gonz\u00e1lez.jpg\"><img loading=\"lazy\" decoding=\"async\" class=\"alignnone size-medium wp-image-52989\" src=\"http:\/\/www.elsindical.com.ar\/notas\/var\/www\/html\/notas\/wp-content\/uploads\/2015\/07\/Mar\u00eda-Bel\u00e9n-Gonz\u00e1lez-236x300.jpg\" alt=\"Mar\u00eda-Bel\u00e9n-Gonz\u00e1lez\" width=\"236\" height=\"300\" srcset=\"https:\/\/www.elsindical.com.ar\/notas\/var\/www\/html\/notas\/wp-content\/uploads\/2015\/07\/Mar\u00eda-Bel\u00e9n-Gonz\u00e1lez-236x300.jpg 236w, https:\/\/www.elsindical.com.ar\/notas\/var\/www\/html\/notas\/wp-content\/uploads\/2015\/07\/Mar\u00eda-Bel\u00e9n-Gonz\u00e1lez.jpg 502w\" sizes=\"auto, (max-width: 236px) 100vw, 236px\" \/><\/a>\u00a0<em>La oficial de la Bonaerense volv\u00eda caminando a su casa en la localidad de Solano cuando delincuentes la pasaron por encima con un auto y la dejaron herida de gravedad. La uniformada, de 23 a\u00f1os, lucha por su vida.<\/em><\/p>\n<p>Una oficial de la Polic\u00eda de la provincia de Buenos Aires agonizaba en un centro asistencial luego de haber sido atropellada por tres delincuentes, quienes la embistieron con un autom\u00f3vil para robarle la pistola reglamentaria. Con el arma en su poder, los individuos le pasaron con el coche por encima a la v\u00edctima en al menos otras dos oportunidades, provoc\u00e1ndole m\u00faltiples fracturas y serias lesiones en los \u00f3rganos, que resultaron aplastados.<\/p>\n<p>Este tremendo suceso se registr\u00f3 en la localidad bonaerense de San Francisco Solano y los pesquisas tratan de averiguar el paradero de los peligrosos marginales. Los voceros revelaron que la infortunada v\u00edctima fue identificada como <strong>Mar\u00eda Bel\u00e9n Gonz\u00e1lez<\/strong>, de 23 a\u00f1os, quien se desempe\u00f1a en el Comando de Prevenci\u00f3n Comunitaria (CPC) de Avellaneda.<\/p>\n<p>Trascendi\u00f3 que el hecho se produjo la noche del mi\u00e9rcoles pasado\u00a0cuando la muchacha, que se hallaba uniformada, regresaba a pie a su finca. En el cruce de Humberto 1\u00ba y La Calandria, Gonz\u00e1lez fue atropellada por tres individuos, quienes se desplazaban a bordo de un VW Gol Trend verde aceituna.<\/p>\n<p>Debido al terrible impacto, la muchacha cay\u00f3 al suelo y entonces los delincuentes aprovecharon la situaci\u00f3n para sustraerle la pistola reglamentaria 9 mil\u00edmetros. Con rapidez, los malvivientes subieron al rodado y pasaron con los neum\u00e1ticos sobre el cuerpo de la joven, en al menos otras dos oportunidades. Luego, el tr\u00edo se dio a la fuga en el VW Gol Trend.<\/p>\n<p>Gonz\u00e1lez tuvo que ser trasladada, de urgencia, al Hospital Arturo O\u00f1ativia, en Rafael Calzada\u00a0pero, a ra\u00edz de la gravedad de su estado, momentos despu\u00e9s fue derivada al Hospital N\u00e9stor Carlos Kirchner, en Florencio Varela. En este nosocomio, considerado de alta complejidad, los m\u00e9dicos lograron establecer que la mujer herida presentaba fracturas en las costillas, en las tibias, en los peron\u00e9s, en los f\u00e9mures, y tambi\u00e9n severas lesiones en \u00f3rganos como el est\u00f3mago y el p\u00e1ncreas. A ra\u00edz del cuadro de situaci\u00f3n, Gonz\u00e1lez fue llevada el jueves\u00a0a un sanatorio donde\u00a0los facultativos trataban de salvarle la vida.<\/p>\n<p>Por su parte, los pesquisas policiales de la comisar\u00eda de San Francisco Solano (10\u00aa de Almirante Brown) realizaron en la v\u00edspera una serie de procedimientos, a fin de localizar a los responsables del suceso. Versiones extraoficiales dijeron que d\u00edas pasados hab\u00eda ocurrido un episodio de similares caracter\u00edsticas en el sur del Gran Buenos Aires, pero la especie no fue\u00a0confirmada por los servidores p\u00fablicos. Intervinieron en la causa los funcionarios pertenecientes al departamento judicial de Lomas de Zamora.<\/p>\n","protected":false},"excerpt":{"rendered":"<p>\u00a0La oficial de la Bonaerense volv\u00eda caminando a su casa en la localidad de Solano cuando delincuentes la pasaron por encima con un auto y la dejaron herida de gravedad. La uniformada, de 23 a\u00f1os, lucha por su vida. Una oficial de la Polic\u00eda de la provincia de Buenos Aires agonizaba en un centro asistencial&hellip;<\/p>\n","protected":false},"author":1,"featured_media":0,"comment_status":"open","ping_status":"open","sticky":false,"template":"","format":"standard","meta":{"footnotes":""},"categories":[22],"tags":[21904,21903,3540,1535],"class_list":["post-52988","post","type-post","status-publish","format-standard","hentry","category-policiales","tag-c-p-c-avellaneda","tag-maria-belen-gonzalez","tag-oficial-de-policia","tag-solano"],"_links":{"self":[{"href":"https:\/\/www.elsindical.com.ar\/notas\/wp-json\/wp\/v2\/posts\/52988","targetHints":{"allow":["GET"]}}],"collection":[{"href":"https:\/\/www.elsindical.com.ar\/notas\/wp-json\/wp\/v2\/posts"}],"about":[{"href":"https:\/\/www.elsindical.com.ar\/notas\/wp-json\/wp\/v2\/types\/post"}],"author":[{"embeddable":true,"href":"https:\/\/www.elsindical.com.ar\/notas\/wp-json\/wp\/v2\/users\/1"}],"replies":[{"embeddable":true,"href":"https:\/\/www.elsindical.com.ar\/notas\/wp-json\/wp\/v2\/comments?post=52988"}],"version-history":[{"count":1,"href":"https:\/\/www.elsindical.com.ar\/notas\/wp-json\/wp\/v2\/posts\/52988\/revisions"}],"predecessor-version":[{"id":52990,"href":"https:\/\/www.elsindical.com.ar\/notas\/wp-json\/wp\/v2\/posts\/52988\/revisions\/52990"}],"wp:attachment":[{"href":"https:\/\/www.elsindical.com.ar\/notas\/wp-json\/wp\/v2\/media?parent=52988"}],"wp:term":[{"taxonomy":"category","embeddable":true,"href":"https:\/\/www.elsindical.com.ar\/notas\/wp-json\/wp\/v2\/categories?post=52988"},{"taxonomy":"post_tag","embeddable":true,"href":"https:\/\/www.elsindical.com.ar\/notas\/wp-json\/wp\/v2\/tags?post=52988"}],"curies":[{"name":"wp","href":"https:\/\/api.w.org\/{rel}","templated":true}]}}