{"id":52940,"date":"2015-07-30T00:53:10","date_gmt":"2015-07-30T03:53:10","guid":{"rendered":"http:\/\/www.elsindical.com.ar\/notas\/?p=52940"},"modified":"2015-07-30T00:53:10","modified_gmt":"2015-07-30T03:53:10","slug":"san-fernando-escandalo-con-el-concejal-del-pro-alex-campbell","status":"publish","type":"post","link":"https:\/\/www.elsindical.com.ar\/notas\/san-fernando-escandalo-con-el-concejal-del-pro-alex-campbell\/","title":{"rendered":"San Fernando: Esc\u00e1ndalo con el concejal del PRO Alex Campbell"},"content":{"rendered":"<div class=\"notCopete1\"><em><a href=\"http:\/\/www.elsindical.com.ar\/notas\/var\/www\/html\/notas\/wp-content\/uploads\/2015\/07\/Alex-Campbell-vino.jpg\"><img loading=\"lazy\" decoding=\"async\" class=\"alignnone size-medium wp-image-52941\" src=\"http:\/\/www.elsindical.com.ar\/notas\/var\/www\/html\/notas\/wp-content\/uploads\/2015\/07\/Alex-Campbell-vino-225x300.jpg\" alt=\"Alex-Campbell-vino\" width=\"225\" height=\"300\" srcset=\"https:\/\/www.elsindical.com.ar\/notas\/var\/www\/html\/notas\/wp-content\/uploads\/2015\/07\/Alex-Campbell-vino-225x300.jpg 225w, https:\/\/www.elsindical.com.ar\/notas\/var\/www\/html\/notas\/wp-content\/uploads\/2015\/07\/Alex-Campbell-vino.jpg 531w\" sizes=\"auto, (max-width: 225px) 100vw, 225px\" \/><\/a>\u00a0 Desde el massismo denunciaron que, en San Fernando, el PRO reparten botellas de vino tinto con etiquetas que promocionan la postulaci\u00f3n a intendente del concejal Alex Campbel.<\/em><\/div>\n<div class=\"notCopete1\"><\/div>\n<div class=\"notCopete1\">En San Fernando, el massismo denunci\u00f3 que militantes del PRO reparten botellas de vino tinto en barrios de Virreyes con etiquetas que promocionan la postulaci\u00f3n a intendente de Alex Campbell, actual concejal y funcionario de la Ciudad de Buenos Aires.<\/p>\n<p>Seg\u00fan se\u00f1alaron por medio de un comunicado, \u00ablos testimonios de vecinos de Virreyes confirman que fueron entregadas por militantes de Mauricio Macri, como parte de la campa\u00f1a de su espacio pol\u00edtico en la zona norte\u00bb. Las bebidas habr\u00edan sido entregadas entre los barrios San Mart\u00edn, Presidente Per\u00f3n y San Jorge, zonas del oeste sanfernandino.<\/p>\n<p>Campbell es titular de la Direcci\u00f3n General de Inspecci\u00f3n del Uso del Espacio P\u00fablico (DGUEP) de la Ciudad de Buenos Aires. y, seg\u00fan denunciaron quienes repudiaron su m\u00e9todo de campa\u00f1a.<\/p>\n<p>El edil massista Pablo Peredo sostuvo que se \u201csubestima a la gente humilde pensando que puede conquistar su voto con este tipo de regalos; es denigrante. No puede entregar vinos y fomentar el alcohol como campa\u00f1a pol\u00edtica\u201d.<\/p>\n<p>A su vez, agreg\u00f3: \u201cQue a esta altura, a\u00f1o 2015, un candidato ponga su cara en un vino es alardear impunidad, no tener delicadeza y hacer campa\u00f1a como la vieja pol\u00edtica\u201d.<\/p><\/div>\n","protected":false},"excerpt":{"rendered":"<p>\u00a0 Desde el massismo denunciaron que, en San Fernando, el PRO reparten botellas de vino tinto con etiquetas que promocionan la postulaci\u00f3n a intendente del concejal Alex Campbel. En San Fernando, el massismo denunci\u00f3 que militantes del PRO reparten botellas de vino tinto en barrios de Virreyes con etiquetas que promocionan la postulaci\u00f3n a intendente&hellip;<\/p>\n","protected":false},"author":1,"featured_media":0,"comment_status":"open","ping_status":"open","sticky":false,"template":"","format":"standard","meta":{"footnotes":""},"categories":[6],"tags":[21891,4888,328,1463,3595,17851],"class_list":["post-52940","post","type-post","status-publish","format-standard","hentry","category-denuncias","tag-alex-campbell","tag-concejal","tag-pro","tag-san-fernando","tag-villas","tag-vino"],"_links":{"self":[{"href":"https:\/\/www.elsindical.com.ar\/notas\/wp-json\/wp\/v2\/posts\/52940","targetHints":{"allow":["GET"]}}],"collection":[{"href":"https:\/\/www.elsindical.com.ar\/notas\/wp-json\/wp\/v2\/posts"}],"about":[{"href":"https:\/\/www.elsindical.com.ar\/notas\/wp-json\/wp\/v2\/types\/post"}],"author":[{"embeddable":true,"href":"https:\/\/www.elsindical.com.ar\/notas\/wp-json\/wp\/v2\/users\/1"}],"replies":[{"embeddable":true,"href":"https:\/\/www.elsindical.com.ar\/notas\/wp-json\/wp\/v2\/comments?post=52940"}],"version-history":[{"count":1,"href":"https:\/\/www.elsindical.com.ar\/notas\/wp-json\/wp\/v2\/posts\/52940\/revisions"}],"predecessor-version":[{"id":52942,"href":"https:\/\/www.elsindical.com.ar\/notas\/wp-json\/wp\/v2\/posts\/52940\/revisions\/52942"}],"wp:attachment":[{"href":"https:\/\/www.elsindical.com.ar\/notas\/wp-json\/wp\/v2\/media?parent=52940"}],"wp:term":[{"taxonomy":"category","embeddable":true,"href":"https:\/\/www.elsindical.com.ar\/notas\/wp-json\/wp\/v2\/categories?post=52940"},{"taxonomy":"post_tag","embeddable":true,"href":"https:\/\/www.elsindical.com.ar\/notas\/wp-json\/wp\/v2\/tags?post=52940"}],"curies":[{"name":"wp","href":"https:\/\/api.w.org\/{rel}","templated":true}]}}