{"id":52914,"date":"2015-07-29T00:15:28","date_gmt":"2015-07-29T03:15:28","guid":{"rendered":"http:\/\/www.elsindical.com.ar\/notas\/?p=52914"},"modified":"2015-07-29T00:15:28","modified_gmt":"2015-07-29T03:15:28","slug":"el-almacen-de-gerli-volvio-a-incumplir-la-ley-con-la-complicidad-municipal","status":"publish","type":"post","link":"https:\/\/www.elsindical.com.ar\/notas\/el-almacen-de-gerli-volvio-a-incumplir-la-ley-con-la-complicidad-municipal\/","title":{"rendered":"El Almac\u00e9n de Gerli volvi\u00f3 a incumplir la Ley con la complicidad municipal"},"content":{"rendered":"<p><a href=\"http:\/\/www.elsindical.com.ar\/notas\/var\/www\/html\/notas\/wp-content\/uploads\/2015\/07\/show-El-Almac\u00e9n-de-Gerli.jpg\"><img loading=\"lazy\" decoding=\"async\" class=\"alignnone size-medium wp-image-52915\" src=\"http:\/\/www.elsindical.com.ar\/notas\/var\/www\/html\/notas\/wp-content\/uploads\/2015\/07\/show-El-Almac\u00e9n-de-Gerli-300x137.jpg\" alt=\"show-El-Almac\u00e9n-de-Gerli\" width=\"300\" height=\"137\" srcset=\"https:\/\/www.elsindical.com.ar\/notas\/var\/www\/html\/notas\/wp-content\/uploads\/2015\/07\/show-El-Almac\u00e9n-de-Gerli-300x137.jpg 300w, https:\/\/www.elsindical.com.ar\/notas\/var\/www\/html\/notas\/wp-content\/uploads\/2015\/07\/show-El-Almac\u00e9n-de-Gerli-500x229.jpg 500w, https:\/\/www.elsindical.com.ar\/notas\/var\/www\/html\/notas\/wp-content\/uploads\/2015\/07\/show-El-Almac\u00e9n-de-Gerli.jpg 620w\" sizes=\"auto, (max-width: 300px) 100vw, 300px\" \/><\/a>\u00a0 Hace un tiempo, que el reducto conocido como El Almac\u00e9n de Gerli incumple las normas de seguridad, fuimos el \u00fanico medio en asumir el compromiso social que todo medio period\u00edstico debe tener y que es el de informar, advertir, denunciar e investigar, como era de esperar, lugares donde se cocinan negocios de la pol\u00edtica local suelen tener \u00abbanca\u00bb y las reacciones no se hicieron esperar.<\/p>\n<p>Recurrieron a vecinos \u00abtruchos\u00bb con testimonios en un medio local de Gerli cuyo due\u00f1o tiene un \u00abafecto\u00bb muy especial por la ahora \u00abdue\u00f1a\u00bb del lugar, con lo cual presionaron para que el municipio aceptara que el lugar funcione sin espect\u00e1culos ya que los shows requieren de condiciones edilicias que el lugar no posee.<\/p>\n<p>El propio secretario de gobierno y seguridad Pablo Vera, hoy candidato a concejal, se comprometi\u00f3 a no autorizar los shows, pero pidi\u00f3 que entendi\u00e9ramos que no quer\u00edan dejar a gente sin trabajo, algo entendible, lo inentendible es que se dejara pasar el tiempo para que luego todo volviera a ser como antes, es decir, permitir que se viole la Ley.<\/p>\n<p>En el propio anuncio se puede leer que cada vez son m\u00e1s los que concurren al lugar, es decir, que una vez m\u00e1s se supera la cantidad m\u00e1xima permitida para el lugar, se superan los l\u00edmites de sonoridad molestando a los vecinos, la venta de alcohol y la falta de condiciones de seguridad en la prevenci\u00f3n contra incendios.<\/p>\n<p>&nbsp;<\/p>\n<p><em><strong>Por Marcelo Ricardo Hawrylciw<\/strong><\/em><\/p>\n","protected":false},"excerpt":{"rendered":"<p>\u00a0 Hace un tiempo, que el reducto conocido como El Almac\u00e9n de Gerli incumple las normas de seguridad, fuimos el \u00fanico medio en asumir el compromiso social que todo medio period\u00edstico debe tener y que es el de informar, advertir, denunciar e investigar, como era de esperar, lugares donde se cocinan negocios de la pol\u00edtica&hellip;<\/p>\n","protected":false},"author":1,"featured_media":0,"comment_status":"open","ping_status":"open","sticky":false,"template":"","format":"standard","meta":{"footnotes":""},"categories":[6],"tags":[461,17439,1662,87,1718,13467,21311],"class_list":["post-52914","post","type-post","status-publish","format-standard","hentry","category-denuncias","tag-avellaneda","tag-el-almacen-de-gerli","tag-gerli","tag-ley","tag-municipio","tag-pablo-vera","tag-shows"],"_links":{"self":[{"href":"https:\/\/www.elsindical.com.ar\/notas\/wp-json\/wp\/v2\/posts\/52914","targetHints":{"allow":["GET"]}}],"collection":[{"href":"https:\/\/www.elsindical.com.ar\/notas\/wp-json\/wp\/v2\/posts"}],"about":[{"href":"https:\/\/www.elsindical.com.ar\/notas\/wp-json\/wp\/v2\/types\/post"}],"author":[{"embeddable":true,"href":"https:\/\/www.elsindical.com.ar\/notas\/wp-json\/wp\/v2\/users\/1"}],"replies":[{"embeddable":true,"href":"https:\/\/www.elsindical.com.ar\/notas\/wp-json\/wp\/v2\/comments?post=52914"}],"version-history":[{"count":1,"href":"https:\/\/www.elsindical.com.ar\/notas\/wp-json\/wp\/v2\/posts\/52914\/revisions"}],"predecessor-version":[{"id":52916,"href":"https:\/\/www.elsindical.com.ar\/notas\/wp-json\/wp\/v2\/posts\/52914\/revisions\/52916"}],"wp:attachment":[{"href":"https:\/\/www.elsindical.com.ar\/notas\/wp-json\/wp\/v2\/media?parent=52914"}],"wp:term":[{"taxonomy":"category","embeddable":true,"href":"https:\/\/www.elsindical.com.ar\/notas\/wp-json\/wp\/v2\/categories?post=52914"},{"taxonomy":"post_tag","embeddable":true,"href":"https:\/\/www.elsindical.com.ar\/notas\/wp-json\/wp\/v2\/tags?post=52914"}],"curies":[{"name":"wp","href":"https:\/\/api.w.org\/{rel}","templated":true}]}}