{"id":52911,"date":"2015-07-29T00:02:25","date_gmt":"2015-07-29T03:02:25","guid":{"rendered":"http:\/\/www.elsindical.com.ar\/notas\/?p=52911"},"modified":"2015-07-29T00:02:25","modified_gmt":"2015-07-29T03:02:25","slug":"la-matanza-escandalo-en-clinica-los-cedros-ya-denunciada-por-familias","status":"publish","type":"post","link":"https:\/\/www.elsindical.com.ar\/notas\/la-matanza-escandalo-en-clinica-los-cedros-ya-denunciada-por-familias\/","title":{"rendered":"La Matanza: Esc\u00e1ndalo en cl\u00ednica Los Cedros ya denunciada por familias"},"content":{"rendered":"<p><em><a href=\"http:\/\/www.elsindical.com.ar\/notas\/var\/www\/html\/notas\/wp-content\/uploads\/2015\/07\/Cl\u00ednica-Los-cedros.jpg\"><img loading=\"lazy\" decoding=\"async\" class=\"alignnone size-medium wp-image-52912\" src=\"http:\/\/www.elsindical.com.ar\/notas\/var\/www\/html\/notas\/wp-content\/uploads\/2015\/07\/Cl\u00ednica-Los-cedros-300x174.jpg\" alt=\"Cl\u00ednica-Los-cedros\" width=\"300\" height=\"174\" srcset=\"https:\/\/www.elsindical.com.ar\/notas\/var\/www\/html\/notas\/wp-content\/uploads\/2015\/07\/Cl\u00ednica-Los-cedros-300x174.jpg 300w, https:\/\/www.elsindical.com.ar\/notas\/var\/www\/html\/notas\/wp-content\/uploads\/2015\/07\/Cl\u00ednica-Los-cedros-500x290.jpg 500w, https:\/\/www.elsindical.com.ar\/notas\/var\/www\/html\/notas\/wp-content\/uploads\/2015\/07\/Cl\u00ednica-Los-cedros.jpg 620w\" sizes=\"auto, (max-width: 300px) 100vw, 300px\" \/><\/a>\u00a0Familiares de <strong>Secundina P\u00e9rez<\/strong>, una abuela de 74\u00a0a\u00f1os que falleci\u00f3 en las \u00faltimas horas, fueron a buscar el cuerpo de su ser querido al sanatorio m\u00e9dico Los Cedros, pero en el nosocomio les dijeron que no est\u00e1.<\/em><\/p>\n<p>Seg\u00fan relataron los familiares, a la mujer la internaron el \u00faltimo lunes en la Cl\u00ednica Modelo Los Cedros, en la localidad bonaerense de San Justo, partido de La Matanza,\u00a0por un cuadro de diabetes,\u00a0pero minutos m\u00e1s tarde\u00a0le dio un paro caridorespiratorio y muri\u00f3.<\/p>\n<p>Un d\u00eda despu\u00e9s\u00a0fueron a buscar el cuerpo de Secundina, la v\u00edctima, y desde la cl\u00ednica, ubicada en Av. Illia y Entre R\u00edos, les informaron que no estaba el cad\u00e1ver.<\/p>\n<p>Investigan si entregaron al muerto a otra familia.<\/p>\n<p>Desde El Sindical, <a href=\"http:\/\/www.elsindical.com.ar\/notas\/los-cedros-la-clinica-de-la-muerte\/comment-page-1\/\">ya hab\u00edamos advertido sobre las irregularidades de esta y otras cl\u00ednicas que carecen de todo control <\/a>desde la gobernaci\u00f3n de Buenos Aires, contando con la complicidad y la ineficiencia de un ministro como Alejandro Collia, al que Daniel Scioli ha sostenido a pesar de los esc\u00e1ndalos y muertes evitables, mala propaganda para un candidato a presidente.<\/p>\n","protected":false},"excerpt":{"rendered":"<p>\u00a0Familiares de Secundina P\u00e9rez, una abuela de 74\u00a0a\u00f1os que falleci\u00f3 en las \u00faltimas horas, fueron a buscar el cuerpo de su ser querido al sanatorio m\u00e9dico Los Cedros, pero en el nosocomio les dijeron que no est\u00e1. Seg\u00fan relataron los familiares, a la mujer la internaron el \u00faltimo lunes en la Cl\u00ednica Modelo Los Cedros,&hellip;<\/p>\n","protected":false},"author":1,"featured_media":0,"comment_status":"open","ping_status":"open","sticky":false,"template":"","format":"standard","meta":{"footnotes":""},"categories":[6],"tags":[3569,21883,983,175,157,1401,134,2072,21884],"class_list":["post-52911","post","type-post","status-publish","format-standard","hentry","category-denuncias","tag-alejandro-collia","tag-clinica-los-cedros","tag-daniel-scioli","tag-denuncia","tag-familiares","tag-la-matanza","tag-muertes","tag-san-justo","tag-secundina-perez"],"_links":{"self":[{"href":"https:\/\/www.elsindical.com.ar\/notas\/wp-json\/wp\/v2\/posts\/52911","targetHints":{"allow":["GET"]}}],"collection":[{"href":"https:\/\/www.elsindical.com.ar\/notas\/wp-json\/wp\/v2\/posts"}],"about":[{"href":"https:\/\/www.elsindical.com.ar\/notas\/wp-json\/wp\/v2\/types\/post"}],"author":[{"embeddable":true,"href":"https:\/\/www.elsindical.com.ar\/notas\/wp-json\/wp\/v2\/users\/1"}],"replies":[{"embeddable":true,"href":"https:\/\/www.elsindical.com.ar\/notas\/wp-json\/wp\/v2\/comments?post=52911"}],"version-history":[{"count":1,"href":"https:\/\/www.elsindical.com.ar\/notas\/wp-json\/wp\/v2\/posts\/52911\/revisions"}],"predecessor-version":[{"id":52913,"href":"https:\/\/www.elsindical.com.ar\/notas\/wp-json\/wp\/v2\/posts\/52911\/revisions\/52913"}],"wp:attachment":[{"href":"https:\/\/www.elsindical.com.ar\/notas\/wp-json\/wp\/v2\/media?parent=52911"}],"wp:term":[{"taxonomy":"category","embeddable":true,"href":"https:\/\/www.elsindical.com.ar\/notas\/wp-json\/wp\/v2\/categories?post=52911"},{"taxonomy":"post_tag","embeddable":true,"href":"https:\/\/www.elsindical.com.ar\/notas\/wp-json\/wp\/v2\/tags?post=52911"}],"curies":[{"name":"wp","href":"https:\/\/api.w.org\/{rel}","templated":true}]}}