{"id":52895,"date":"2015-07-28T00:36:50","date_gmt":"2015-07-28T03:36:50","guid":{"rendered":"http:\/\/www.elsindical.com.ar\/notas\/?p=52895"},"modified":"2015-07-28T00:36:50","modified_gmt":"2015-07-28T03:36:50","slug":"por-el-conflicto-de-la-linea-60-habra-cortes-en-puente-la-noria-y-panamericana","status":"publish","type":"post","link":"https:\/\/www.elsindical.com.ar\/notas\/por-el-conflicto-de-la-linea-60-habra-cortes-en-puente-la-noria-y-panamericana\/","title":{"rendered":"Por el conflicto de la l\u00ednea 60 habr\u00e1 cortes en Puente La Noria y Panamericana"},"content":{"rendered":"<p><em><a href=\"http:\/\/www.elsindical.com.ar\/notas\/var\/www\/html\/notas\/wp-content\/uploads\/2011\/06\/paro-l\u00ednea-60.jpg\"><img loading=\"lazy\" decoding=\"async\" class=\"alignnone size-medium wp-image-14676\" src=\"http:\/\/www.elsindical.com.ar\/notas\/var\/www\/html\/notas\/wp-content\/uploads\/2011\/06\/paro-l\u00ednea-60-300x225.jpg\" alt=\"paro-l\u00ednea-60\" width=\"300\" height=\"225\" srcset=\"https:\/\/www.elsindical.com.ar\/notas\/var\/www\/html\/notas\/wp-content\/uploads\/2011\/06\/paro-l\u00ednea-60-300x225.jpg 300w, https:\/\/www.elsindical.com.ar\/notas\/var\/www\/html\/notas\/wp-content\/uploads\/2011\/06\/paro-l\u00ednea-60.jpg 413w\" sizes=\"auto, (max-width: 300px) 100vw, 300px\" \/><\/a>\u00a0Los choferes de colectivo<b> interrumpir\u00e1n el tr\u00e1nsito desde las 6 de la ma\u00f1ana<\/b>. Luego, durante la tarde, brindar\u00e1n una conferencia. Exigen la reincorporaci\u00f3n de <b>53 trabajadores<\/b> despedidos, que la empresa asegura haber reincorporado. El <b>conflicto sindical comenz\u00f3 el 27 de junio<\/b>.<\/em><\/p>\n<div>Choferes de la l\u00ednea de colectivos 60 <b>anunciaron que este martes, a primera hora, cortar\u00e1n el tr\u00e1nsito en Puente La Noria y en la autopista Panamericana<\/b>, a la altura del kil\u00f3metro 197, en el marco del conflicto que mantienen con la empresa MONSA por una serie de despidos.<\/div>\n<div><\/div>\n<div>As\u00ed lo confirm\u00f3 el delegado de la l\u00ednea Esteban Simonetta, <b>quien confirm\u00f3 que a las 6 se concentrar\u00e1n en el Puente La Noria y a las 7 bloquear\u00e1n la autopista Panamericana.<\/b><\/div>\n<div><\/div>\n<div>Luego, pasadas las 13, los choferes brindar\u00e1n una conferencia de prensa en la puerta del Congreso Nacional para expresar su \u00abrechazo\u00bb a la solicitada publicada en los diarios por las C\u00e1maras del transporte automotor, previo a la audiencia p\u00fablica que tendr\u00e1 lugar en el anexo de la C\u00e1mara de Diputados.<\/div>\n<div><\/div>\n<div>\u00abEs una burla\u00bb, se quej\u00f3 el delegado al referirse al texto en el que las C\u00e1maras aseguraron que<b> \u00abno hay ning\u00fan trabajador despedido\u00bb <\/b>en la l\u00ednea 60, y advirtieron que los choferes que mantienen hace m\u00e1s de un mes un conflicto con la empresa MONSA \u00abson 80 personas\u00bb, con \u00abintereses pol\u00edticos e ideol\u00f3gicos\u00bb.<\/div>\n<div><\/div>\n<div><strong>\u00abNo tiene l\u00f3gica lo que dicen \u00bfCon qu\u00e9 hicimos la marcha que hicimos si somos 80? No entiendo los argumentos&#8230; Se siguen burlando\u00bb<\/strong>, lament\u00f3, tras exigirle a la empresa que \u00abreincorpore a los 53\u00bb trabajadores despedidos.<\/div>\n<div><\/div>\n<div>\n<div>El presidente de la Asociaci\u00f3n Civil del Transporte Automotor (ACTA), Jos\u00e9 Troilo, <b>denunci\u00f3 que la l\u00ednea 60 sigue sin prestar servicios por un conflicto <\/b>en el que un grupo de delegados \u00abpersigue intereses\u00bb lejanos a los laborales.<\/div>\n<div><\/div>\n<div><b>\u00abEste grupo de trabajadores no se qu\u00e9 es lo que persigue, pero no son cosas estrictamente laborales. La cuesti\u00f3n salarial es un tema gremial general del sector que a esta altura ya est\u00e1 resuelto\u00bb<\/b>, dijo el empresario en declaraciones a <i>Radio Am\u00e9rica<\/i>.<\/div>\n<div><\/div>\n<div>La l\u00ednea 60, que une a la Capital Federal con el norte del Conurbano bonaerense, est\u00e1 paralizada desde el 27 de junio cuando la empresa Monsa SA impidi\u00f3 la salida de las unidades por una protesta de los choferes.<\/div>\n<div><\/div>\n<div>La compa\u00f1\u00eda no permiti\u00f3 que los colectivos fueran sacados a prestar servicios debido a que los choferes no quer\u00edan cobrar boletos por el despido de un trabajador, lo que motiv\u00f3 la denuncia de un lock-out patronal.<\/div>\n<div><\/div>\n<div><b>\u00abHay un grupo de delegados y operarios que se apropiaron por la fuerza de las plataformas de la empresa y no dejan trabajar al resto de los choferes, por lo que la firma no puede prestar sus servicios\u00bb<\/b>, se\u00f1al\u00f3 Troilo.<\/div>\n<div><\/div>\n<div>El empresario record\u00f3 que Monsa SA hab\u00eda decidido reincorporar a un trabajador despedido con todos los derechos cubiertos (salario, obra social, ART, aportes jubilatorios) pero sin autorizarlo a salir a la calle con una unidad.<\/div>\n<div><\/div>\n<div>Esa situaci\u00f3n motiv\u00f3 que el resto de los choferes, <b>liderados por la comisi\u00f3n interna gremial, ratificaran las medidas de fuerza por lo que la compa\u00f1\u00eda despidi\u00f3 a otros 50 operarios <\/b>y el conflicto se profundiz\u00f3 sin encontrar a\u00fan una soluci\u00f3n.<\/div>\n<div><\/div>\n<div>C\u00e1maras de transporte p\u00fablico de pasajeros firmaron una dura solicitada en la que acusaron a un sector de los trabajadores de la L\u00ednea 60 de <b>\u00abextorsionar, defraudar y usurpar\u00bb<\/b> instalaciones de la empresa Microomnibus Norte SA (Monsa).<\/div>\n<div><\/div>\n<div><b>\u00abEn nombre de la l\u00ednea 60 pedimos disculpas a los m\u00e1s de 200.000 pasajeros perjudicados por la paralizaci\u00f3n del servicio, pero aclaramos que no existe ning\u00fan conflicto de orden laboral que justifique una medida de fuerza absolutamente ileg\u00edtima e ilegal\u00bb<\/b>, dice el texto publicado en los principales diarios nacionales.<\/div>\n<div><\/div>\n<div>La solicitada est\u00e1 firmada por la Asociaci\u00f3n Civil Transporte Automotor (ACTA), la C\u00e1mara del Transporte bonaerense (CTPBA), la C\u00e1mara Empresaria del Autotransporte de Pasajeros (CEAP) y la C\u00e1mara Empresaria del Transporte Urbano de Buenos Aires (CETUBA).<\/div>\n<\/div>\n<div><\/div>\n","protected":false},"excerpt":{"rendered":"<p>\u00a0Los choferes de colectivo interrumpir\u00e1n el tr\u00e1nsito desde las 6 de la ma\u00f1ana. Luego, durante la tarde, brindar\u00e1n una conferencia. Exigen la reincorporaci\u00f3n de 53 trabajadores despedidos, que la empresa asegura haber reincorporado. El conflicto sindical comenz\u00f3 el 27 de junio. Choferes de la l\u00ednea de colectivos 60 anunciaron que este martes, a primera hora,&hellip;<\/p>\n","protected":false},"author":1,"featured_media":0,"comment_status":"open","ping_status":"open","sticky":false,"template":"","format":"standard","meta":{"footnotes":""},"categories":[16],"tags":[436,294,53,439,1173,68,18088],"class_list":["post-52895","post","type-post","status-publish","format-standard","hentry","category-gremiales","tag-conflicto","tag-cortes","tag-despidos","tag-empresa","tag-linea-60","tag-panamericana","tag-puente-la-noria"],"_links":{"self":[{"href":"https:\/\/www.elsindical.com.ar\/notas\/wp-json\/wp\/v2\/posts\/52895","targetHints":{"allow":["GET"]}}],"collection":[{"href":"https:\/\/www.elsindical.com.ar\/notas\/wp-json\/wp\/v2\/posts"}],"about":[{"href":"https:\/\/www.elsindical.com.ar\/notas\/wp-json\/wp\/v2\/types\/post"}],"author":[{"embeddable":true,"href":"https:\/\/www.elsindical.com.ar\/notas\/wp-json\/wp\/v2\/users\/1"}],"replies":[{"embeddable":true,"href":"https:\/\/www.elsindical.com.ar\/notas\/wp-json\/wp\/v2\/comments?post=52895"}],"version-history":[{"count":1,"href":"https:\/\/www.elsindical.com.ar\/notas\/wp-json\/wp\/v2\/posts\/52895\/revisions"}],"predecessor-version":[{"id":52896,"href":"https:\/\/www.elsindical.com.ar\/notas\/wp-json\/wp\/v2\/posts\/52895\/revisions\/52896"}],"wp:attachment":[{"href":"https:\/\/www.elsindical.com.ar\/notas\/wp-json\/wp\/v2\/media?parent=52895"}],"wp:term":[{"taxonomy":"category","embeddable":true,"href":"https:\/\/www.elsindical.com.ar\/notas\/wp-json\/wp\/v2\/categories?post=52895"},{"taxonomy":"post_tag","embeddable":true,"href":"https:\/\/www.elsindical.com.ar\/notas\/wp-json\/wp\/v2\/tags?post=52895"}],"curies":[{"name":"wp","href":"https:\/\/api.w.org\/{rel}","templated":true}]}}