{"id":52881,"date":"2015-07-27T19:37:18","date_gmt":"2015-07-27T22:37:18","guid":{"rendered":"http:\/\/www.elsindical.com.ar\/notas\/?p=52881"},"modified":"2015-07-27T19:37:18","modified_gmt":"2015-07-27T22:37:18","slug":"paro-de-la-salud-en-la-provincia-de-buenos-aires-desde-las-0000","status":"publish","type":"post","link":"https:\/\/www.elsindical.com.ar\/notas\/paro-de-la-salud-en-la-provincia-de-buenos-aires-desde-las-0000\/","title":{"rendered":"Paro de la salud en la provincia de Buenos Aires desde las 00:00"},"content":{"rendered":"<div dir=\"ltr\"><b><a href=\"http:\/\/www.elsindical.com.ar\/notas\/var\/www\/html\/notas\/wp-content\/uploads\/2011\/09\/Logo-CICOP.jpg\"><img loading=\"lazy\" decoding=\"async\" class=\"alignnone size-medium wp-image-16728\" src=\"http:\/\/www.elsindical.com.ar\/notas\/var\/www\/html\/notas\/wp-content\/uploads\/2011\/09\/Logo-CICOP-300x115.jpg\" alt=\"Logo-CICOP\" width=\"300\" height=\"115\" srcset=\"https:\/\/www.elsindical.com.ar\/notas\/var\/www\/html\/notas\/wp-content\/uploads\/2011\/09\/Logo-CICOP-300x115.jpg 300w, https:\/\/www.elsindical.com.ar\/notas\/var\/www\/html\/notas\/wp-content\/uploads\/2011\/09\/Logo-CICOP.jpg 413w\" sizes=\"auto, (max-width: 300px) 100vw, 300px\" \/><\/a>\u00a0 DESDE LAS 00:00 DE ESTA NOCHE, PARAN POR 48 HORAS LOS 78 HOSPITALES BONAERENSES, HOSPITALES MUNICIPALES Y CENTROS DE SALUD DURANTE MARTES 28 Y MI\u00c9RCOLES 29 DE JULIO &gt; LA SEMANA PASADA PARARON 24 HORAS EL JUEVES 23\/07 &gt; LA PROTESTA ES PORQUE SCIOLI NO CUMPLI\u00d3 SU COMPROMISO PARITARIO DE FIRMAR UN DECRETO DE DESGASTE LABORAL &gt;<\/b><\/p>\n<p>La Asociaci\u00f3n Sindical de Profesionales de la Salud de la Provincia de Buenos Aires (CICOP) realizar\u00e1 un paro de 48 horas desde las 00:00 de esta noche y durante todo el martes 28 y mi\u00e9rcoles 29 de julio, medida de fuerza que ya cumpli\u00f3 por 24 horas la semana pasada, el jueves 23. Protestas porque \u00abel gobernador Daniel Scioli no cumpli\u00f3 con su compromiso asumido en paritarias que dec\u00eda que en un plazo no mayor de 120 d\u00edas firmar\u00eda el decreto de desgaste laboral de los profesionales de la salud, per\u00edodo que ya finaliz\u00f3\u00bb.<\/p>\n<div><\/div>\n<div>El mismo decreto que la CICOP exige que firme Scioli, ya lo firm\u00f3 para los no profesionales, otorgando el derecho de jubilarse a los 50 a\u00f1os de edad y 25 de antig\u00fcedad. El reclamo incluye mejoras en las condiciones de trabajo, como guardias de 12 horas y pase de tareas de guardia a planta a los 45 a\u00f1os de edad y 15 de servicio.<\/p>\n<p>CONTACTOS CICOP CENTRAL P\/NOTAS:<br \/>\n01. Fernando Corsiglia, 155-609-9186 (Presidente)<br \/>\n02. Marta M\u00e1rquez, 155-609-9418 (Vicepresidente)<br \/>\n03. Guillermo Pacagnini, 155-609-6802 (Sec. General)<br \/>\n04. Viviana Garc\u00eda, 155-607-8544 (Sec. General Adjunta)<br \/>\n05. Mar\u00eda Teresa Sosa, 155-609-6850 (Sec. Gremial)<br \/>\n06. Orlando Restivo, 155-334-2414 Sec. de Prensa y Difusi\u00f3n)<br \/>\nPrensa: Marcos Viancheto 155-340-0973<\/p><\/div>\n<\/div>\n","protected":false},"excerpt":{"rendered":"<p>\u00a0 DESDE LAS 00:00 DE ESTA NOCHE, PARAN POR 48 HORAS LOS 78 HOSPITALES BONAERENSES, HOSPITALES MUNICIPALES Y CENTROS DE SALUD DURANTE MARTES 28 Y MI\u00c9RCOLES 29 DE JULIO &gt; LA SEMANA PASADA PARARON 24 HORAS EL JUEVES 23\/07 &gt; LA PROTESTA ES PORQUE SCIOLI NO CUMPLI\u00d3 SU COMPROMISO PARITARIO DE FIRMAR UN DECRETO DE&hellip;<\/p>\n","protected":false},"author":1,"featured_media":0,"comment_status":"open","ping_status":"open","sticky":false,"template":"","format":"standard","meta":{"footnotes":""},"categories":[16],"tags":[291,983,67,1466,22031],"class_list":["post-52881","post","type-post","status-publish","format-standard","hentry","category-gremiales","tag-cicop","tag-daniel-scioli","tag-paro","tag-provincia-de-buenos-aires","tag-salud"],"_links":{"self":[{"href":"https:\/\/www.elsindical.com.ar\/notas\/wp-json\/wp\/v2\/posts\/52881","targetHints":{"allow":["GET"]}}],"collection":[{"href":"https:\/\/www.elsindical.com.ar\/notas\/wp-json\/wp\/v2\/posts"}],"about":[{"href":"https:\/\/www.elsindical.com.ar\/notas\/wp-json\/wp\/v2\/types\/post"}],"author":[{"embeddable":true,"href":"https:\/\/www.elsindical.com.ar\/notas\/wp-json\/wp\/v2\/users\/1"}],"replies":[{"embeddable":true,"href":"https:\/\/www.elsindical.com.ar\/notas\/wp-json\/wp\/v2\/comments?post=52881"}],"version-history":[{"count":1,"href":"https:\/\/www.elsindical.com.ar\/notas\/wp-json\/wp\/v2\/posts\/52881\/revisions"}],"predecessor-version":[{"id":52882,"href":"https:\/\/www.elsindical.com.ar\/notas\/wp-json\/wp\/v2\/posts\/52881\/revisions\/52882"}],"wp:attachment":[{"href":"https:\/\/www.elsindical.com.ar\/notas\/wp-json\/wp\/v2\/media?parent=52881"}],"wp:term":[{"taxonomy":"category","embeddable":true,"href":"https:\/\/www.elsindical.com.ar\/notas\/wp-json\/wp\/v2\/categories?post=52881"},{"taxonomy":"post_tag","embeddable":true,"href":"https:\/\/www.elsindical.com.ar\/notas\/wp-json\/wp\/v2\/tags?post=52881"}],"curies":[{"name":"wp","href":"https:\/\/api.w.org\/{rel}","templated":true}]}}