{"id":52867,"date":"2015-07-27T10:42:27","date_gmt":"2015-07-27T13:42:27","guid":{"rendered":"http:\/\/www.elsindical.com.ar\/notas\/?p=52867"},"modified":"2015-07-27T10:42:27","modified_gmt":"2015-07-27T13:42:27","slug":"san-martin-hallaron-muerto-a-tiziano-nino-2-anos","status":"publish","type":"post","link":"https:\/\/www.elsindical.com.ar\/notas\/san-martin-hallaron-muerto-a-tiziano-nino-2-anos\/","title":{"rendered":"San Mart\u00edn: Hallaron muerto a Tiziano, ni\u00f1o 2 a\u00f1os"},"content":{"rendered":"<p><em><a href=\"http:\/\/www.elsindical.com.ar\/notas\/var\/www\/html\/notas\/wp-content\/uploads\/2015\/07\/Tiziano-Moyano.jpg\"><img loading=\"lazy\" decoding=\"async\" class=\"alignnone size-medium wp-image-52868\" src=\"http:\/\/www.elsindical.com.ar\/notas\/var\/www\/html\/notas\/wp-content\/uploads\/2015\/07\/Tiziano-Moyano-300x169.jpg\" alt=\"Tiziano-Moyano\" width=\"300\" height=\"169\" srcset=\"https:\/\/www.elsindical.com.ar\/notas\/var\/www\/html\/notas\/wp-content\/uploads\/2015\/07\/Tiziano-Moyano-300x169.jpg 300w, https:\/\/www.elsindical.com.ar\/notas\/var\/www\/html\/notas\/wp-content\/uploads\/2015\/07\/Tiziano-Moyano-500x281.jpg 500w, https:\/\/www.elsindical.com.ar\/notas\/var\/www\/html\/notas\/wp-content\/uploads\/2015\/07\/Tiziano-Moyano.jpg 620w\" sizes=\"auto, (max-width: 300px) 100vw, 300px\" \/><\/a>\u00a0La polic\u00eda lo encontr\u00f3 durante un rastrillaje. Los vecinos del barrio Libertador San Mart\u00edn hab\u00edan cortado el Camino del Buen Ayre para pedir que aparezca.<\/em><\/p>\n<p>Los vecinos de Jos\u00e9 Le\u00f3n Su\u00e1rez est\u00e1n consternados por la aparici\u00f3n sin vida de Tiziano Moyano, un nene de dos a\u00f1os que hab\u00eda desaparecido el domingo por la tarde y era intensamente buscado por su familia y por las autoridades.<\/p>\n<p>Efectivos de la polic\u00eda bonaerense hallaron el cuerpo sobre el margen de un arroyo de la zona, pero a\u00fan no fueron establecidas las causas de la muerte. Se esperan precisiones al respecto.<\/p>\n<p>Los vecinos de la zona hab\u00edan cortado esta ma\u00f1ana el Camino del Buen Ayre (altura Debenedetti) para reclamar que el chico aparezca con vida. Su madre, Anabella, relat\u00f3 que dej\u00f3 al menor jugando con sus amiguitos en la calle y cuando volvi\u00f3 ya no lo encontr\u00f3.<\/p>\n","protected":false},"excerpt":{"rendered":"<p>\u00a0La polic\u00eda lo encontr\u00f3 durante un rastrillaje. Los vecinos del barrio Libertador San Mart\u00edn hab\u00edan cortado el Camino del Buen Ayre para pedir que aparezca. Los vecinos de Jos\u00e9 Le\u00f3n Su\u00e1rez est\u00e1n consternados por la aparici\u00f3n sin vida de Tiziano Moyano, un nene de dos a\u00f1os que hab\u00eda desaparecido el domingo por la tarde y&hellip;<\/p>\n","protected":false},"author":1,"featured_media":0,"comment_status":"open","ping_status":"open","sticky":false,"template":"","format":"standard","meta":{"footnotes":""},"categories":[22],"tags":[11367,4398,21866],"class_list":["post-52867","post","type-post","status-publish","format-standard","hentry","category-policiales","tag-camino-del-buen-ayre","tag-jose-leon-suarez","tag-tiziano-moyano"],"_links":{"self":[{"href":"https:\/\/www.elsindical.com.ar\/notas\/wp-json\/wp\/v2\/posts\/52867","targetHints":{"allow":["GET"]}}],"collection":[{"href":"https:\/\/www.elsindical.com.ar\/notas\/wp-json\/wp\/v2\/posts"}],"about":[{"href":"https:\/\/www.elsindical.com.ar\/notas\/wp-json\/wp\/v2\/types\/post"}],"author":[{"embeddable":true,"href":"https:\/\/www.elsindical.com.ar\/notas\/wp-json\/wp\/v2\/users\/1"}],"replies":[{"embeddable":true,"href":"https:\/\/www.elsindical.com.ar\/notas\/wp-json\/wp\/v2\/comments?post=52867"}],"version-history":[{"count":1,"href":"https:\/\/www.elsindical.com.ar\/notas\/wp-json\/wp\/v2\/posts\/52867\/revisions"}],"predecessor-version":[{"id":52869,"href":"https:\/\/www.elsindical.com.ar\/notas\/wp-json\/wp\/v2\/posts\/52867\/revisions\/52869"}],"wp:attachment":[{"href":"https:\/\/www.elsindical.com.ar\/notas\/wp-json\/wp\/v2\/media?parent=52867"}],"wp:term":[{"taxonomy":"category","embeddable":true,"href":"https:\/\/www.elsindical.com.ar\/notas\/wp-json\/wp\/v2\/categories?post=52867"},{"taxonomy":"post_tag","embeddable":true,"href":"https:\/\/www.elsindical.com.ar\/notas\/wp-json\/wp\/v2\/tags?post=52867"}],"curies":[{"name":"wp","href":"https:\/\/api.w.org\/{rel}","templated":true}]}}