{"id":52831,"date":"2015-07-25T20:26:47","date_gmt":"2015-07-25T23:26:47","guid":{"rendered":"http:\/\/www.elsindical.com.ar\/notas\/?p=52831"},"modified":"2015-07-25T20:26:47","modified_gmt":"2015-07-25T23:26:47","slug":"mar-del-plata-aparecio-muerto-pablo-bello-remisero-desaparecido","status":"publish","type":"post","link":"https:\/\/www.elsindical.com.ar\/notas\/mar-del-plata-aparecio-muerto-pablo-bello-remisero-desaparecido\/","title":{"rendered":"Mar del Plata: Apareci\u00f3 muerto Pablo Bello, remisero desaparecido"},"content":{"rendered":"<p><em><a href=\"http:\/\/www.elsindical.com.ar\/notas\/var\/www\/html\/notas\/wp-content\/uploads\/2015\/07\/Pablo-Bello.jpg\"><img loading=\"lazy\" decoding=\"async\" class=\"alignnone size-medium wp-image-52832\" src=\"http:\/\/www.elsindical.com.ar\/notas\/var\/www\/html\/notas\/wp-content\/uploads\/2015\/07\/Pablo-Bello-300x169.jpg\" alt=\"Pablo-Bello\" width=\"300\" height=\"169\" srcset=\"https:\/\/www.elsindical.com.ar\/notas\/var\/www\/html\/notas\/wp-content\/uploads\/2015\/07\/Pablo-Bello-300x169.jpg 300w, https:\/\/www.elsindical.com.ar\/notas\/var\/www\/html\/notas\/wp-content\/uploads\/2015\/07\/Pablo-Bello-500x282.jpg 500w, https:\/\/www.elsindical.com.ar\/notas\/var\/www\/html\/notas\/wp-content\/uploads\/2015\/07\/Pablo-Bello.jpg 531w\" sizes=\"auto, (max-width: 300px) 100vw, 300px\" \/><\/a>\u00a0 Ten\u00eda 38 a\u00f1os y nada se sab\u00eda de \u00e9l desde el 23 de mayo. Su cuerpo fue hallado en una f\u00e1brica. Su mujer y su amante estaban en la mira de la Polic\u00eda.<\/em><\/p>\n<p>El cuerpo sin vida fue hallado por dos nenes que jugaban en una f\u00e1brica abandonada, ubicada en Cerrito al 700 de la ciudad marplatense.<\/p>\n<p>El cad\u00e1ver fue encontrado debajo de la basura, en un terreno en el que est\u00e1n emplazadas distintas viviendas precarias que conforman un asentamiento.<\/p>\n<p>Seg\u00fan lo informado por fuentes judiciales, el hombre se encontraba vestido, con jean, zapatillas blancas y un chaleco de polar azul sobre el rostro. El cuerpo presenta un estado de descomposici\u00f3n avanzado, por lo que la muerte ser\u00eda de larga data. A su vez, en la cabeza del individuo se pudo vislumbrar una herida, que puede haber sido el causal de la muerte.<\/p>\n<p>En ese sentido, ahora se deber\u00e1 proceder a la congelaci\u00f3n del cuerpo para as\u00ed poder practicarle la autopsia, lo que permitir\u00e1 establecer los causales de muerte.<\/p>\n<p>En el lugar trabaj\u00f3 personal de la comisar\u00eda tercera, Polic\u00eda Cient\u00edfica y el fiscal de turno, Alejandro Pellegrinelli.<\/p>\n","protected":false},"excerpt":{"rendered":"<p>\u00a0 Ten\u00eda 38 a\u00f1os y nada se sab\u00eda de \u00e9l desde el 23 de mayo. Su cuerpo fue hallado en una f\u00e1brica. Su mujer y su amante estaban en la mira de la Polic\u00eda. El cuerpo sin vida fue hallado por dos nenes que jugaban en una f\u00e1brica abandonada, ubicada en Cerrito al 700 de&hellip;<\/p>\n","protected":false},"author":1,"featured_media":0,"comment_status":"open","ping_status":"open","sticky":false,"template":"","format":"standard","meta":{"footnotes":""},"categories":[22],"tags":[1673,21856,30,2637],"class_list":["post-52831","post","type-post","status-publish","format-standard","hentry","category-policiales","tag-mar-del-plata","tag-pablo-bello","tag-policia","tag-remisero"],"_links":{"self":[{"href":"https:\/\/www.elsindical.com.ar\/notas\/wp-json\/wp\/v2\/posts\/52831","targetHints":{"allow":["GET"]}}],"collection":[{"href":"https:\/\/www.elsindical.com.ar\/notas\/wp-json\/wp\/v2\/posts"}],"about":[{"href":"https:\/\/www.elsindical.com.ar\/notas\/wp-json\/wp\/v2\/types\/post"}],"author":[{"embeddable":true,"href":"https:\/\/www.elsindical.com.ar\/notas\/wp-json\/wp\/v2\/users\/1"}],"replies":[{"embeddable":true,"href":"https:\/\/www.elsindical.com.ar\/notas\/wp-json\/wp\/v2\/comments?post=52831"}],"version-history":[{"count":1,"href":"https:\/\/www.elsindical.com.ar\/notas\/wp-json\/wp\/v2\/posts\/52831\/revisions"}],"predecessor-version":[{"id":52833,"href":"https:\/\/www.elsindical.com.ar\/notas\/wp-json\/wp\/v2\/posts\/52831\/revisions\/52833"}],"wp:attachment":[{"href":"https:\/\/www.elsindical.com.ar\/notas\/wp-json\/wp\/v2\/media?parent=52831"}],"wp:term":[{"taxonomy":"category","embeddable":true,"href":"https:\/\/www.elsindical.com.ar\/notas\/wp-json\/wp\/v2\/categories?post=52831"},{"taxonomy":"post_tag","embeddable":true,"href":"https:\/\/www.elsindical.com.ar\/notas\/wp-json\/wp\/v2\/tags?post=52831"}],"curies":[{"name":"wp","href":"https:\/\/api.w.org\/{rel}","templated":true}]}}