{"id":52827,"date":"2015-07-25T19:24:40","date_gmt":"2015-07-25T22:24:40","guid":{"rendered":"http:\/\/www.elsindical.com.ar\/notas\/?p=52827"},"modified":"2015-07-25T19:24:40","modified_gmt":"2015-07-25T22:24:40","slug":"parque-dominico-vecinos-se-organizan-y-denuncian-obras-irregulares","status":"publish","type":"post","link":"https:\/\/www.elsindical.com.ar\/notas\/parque-dominico-vecinos-se-organizan-y-denuncian-obras-irregulares\/","title":{"rendered":"Parque Dom\u00ednico, vecinos se organizan y denuncian obras irregulares"},"content":{"rendered":"<p><em>\u00a0<a href=\"http:\/\/www.elsindical.com.ar\/notas\/var\/www\/html\/notas\/wp-content\/uploads\/2015\/07\/Parque-Dom\u00ednico-vecinos-00.jpg\"><img loading=\"lazy\" decoding=\"async\" class=\"alignnone size-medium wp-image-52829\" src=\"http:\/\/www.elsindical.com.ar\/notas\/var\/www\/html\/notas\/wp-content\/uploads\/2015\/07\/Parque-Dom\u00ednico-vecinos-00-300x169.jpg\" alt=\"Parque-Dom\u00ednico-vecinos-00\" width=\"300\" height=\"169\" srcset=\"https:\/\/www.elsindical.com.ar\/notas\/var\/www\/html\/notas\/wp-content\/uploads\/2015\/07\/Parque-Dom\u00ednico-vecinos-00-300x169.jpg 300w, https:\/\/www.elsindical.com.ar\/notas\/var\/www\/html\/notas\/wp-content\/uploads\/2015\/07\/Parque-Dom\u00ednico-vecinos-00-500x281.jpg 500w, https:\/\/www.elsindical.com.ar\/notas\/var\/www\/html\/notas\/wp-content\/uploads\/2015\/07\/Parque-Dom\u00ednico-vecinos-00.jpg 738w\" sizes=\"auto, (max-width: 300px) 100vw, 300px\" \/><\/a> Una centena de vecinos, se reunieron en el Parque Dom\u00ednico, para organizarse y protestar por las obras que el municipio de Avellaneda se encuentra realizando en el predio, lo que motivo el estado de alerta fueron la tala de \u00e1rboles y la remoci\u00f3n de parte del paisaje para dar paso a una calle y construcciones donde hab\u00eda verde.<\/em><\/p>\n<p>La pol\u00e9mica generada es producto de la forma arbitraria con la que suele manejarse el municipio, desde el intendente Jorge\u00a0Ferraresi\u00a0como jefe del ejecutivo local, hasta el impune secretario de obras p\u00fablicas Ariel Alejandro Lambezat, un funcionario afecto a no respetar los estudios pertinentes a impacto ambiental.<\/p>\n<p>Como siempre, generado el conflicto, el municipio intenta justificar lo injustificable recurriendo a explicaciones que poco tienen que ver con el cumplimiento de los protocolos para obras p\u00fablicas.<\/p>\n<p>Jorge Degli Innocenti, una vez m\u00e1s volvi\u00f3 a ser el \u00abvocero\u00bb de la gesti\u00f3n y en su muro de Facebook acus\u00f3 a los vecinos que se oponen de ser conspiradores\u00a0y que todo se trata de una campa\u00f1a pol\u00edtica de quienes saben que no tienen oportunidad en las elecciones, por lo que solo se dedican a inventar irregularidades. En veterano concejal describi\u00f3 las obras a realizarse como una puesta en valor de espacios del parque que hoy est\u00e1n descuidados y sin un uso, en resumen, se construir\u00e1 un espacio para deportes de contacto (seguramente para beneficiar a una pareja de profesores amigos de Ferraresi), se techar\u00e1 el anfiteatro para poder ser utilizado sin importar el clima, se construir\u00e1 un edificio policial para reemplazar el contenedor actual, se abrir\u00e1 una calle y los \u00e1rboles retirados o talados, ser\u00e1n reemplazados por nuevas especies.<\/p>\n<p>Lo que el concejal no puede explicar es los motivos de hacer las cosas mal, sabido es que poseen la mayor\u00eda en el HCD, no solo por la votaci\u00f3n autom\u00e1tica del bloque del FPV, sino por los acuerdos y alianzas con otros concejales que se sabe votar\u00e1n a favor del ejecutivo en estos tiempos.<\/p>\n<p>La discusi\u00f3n por los trabajos del parque son un alivio para el ejecutivo, ya que la detenci\u00f3n del pastor Natalio por violaci\u00f3n, deja muy mal parados a funcionarios y candidatos del FPV, que no solo tienen fuertes lazos con el acusado, sino que en la sede de la iglesia allanada, se realizaban reuniones para recaudar fondos para las campa\u00f1as pol\u00edticas. Con estas relaciones solo se explica que alguien que pose\u00eda medios irregulares pudiera funcionar sin clausuras.<\/p>\n<p>Es llamativo que varios pol\u00edticos prefieran discutir las obras del Parque Dom\u00ednico, pero no digan nada sobre obras millonarias y que han dejado en riesgo a vecinos, hay una extra\u00f1a elecci\u00f3n de pol\u00edticos de tomar las banderas de causas perdidas y con poco compromiso, prefiriendo hacer como los monos sabios en otros que tienen relevancia social.<\/p>\n<p>Resta ahora que los vecinos comiencen a participar de las sesiones del HCD donde muchos de los que en la calle dicen representar a los intereses de los vecinos, terminan haciendo sus \u00abacuerdos\u00bb y si bien suelen hacer aclaraciones sobre los proyectos del oficialismo, terminan levantando la mano, es decir, se justifican como si eso aliviara sus conciencias.<\/p>\n<p><a href=\"http:\/\/www.elsindical.com.ar\/notas\/var\/www\/html\/notas\/wp-content\/uploads\/2015\/07\/Parque-Dom\u00ednico-vecinos-01.jpg\"><img loading=\"lazy\" decoding=\"async\" class=\"alignnone size-medium wp-image-52828\" src=\"http:\/\/www.elsindical.com.ar\/notas\/var\/www\/html\/notas\/wp-content\/uploads\/2015\/07\/Parque-Dom\u00ednico-vecinos-01-300x169.jpg\" alt=\"Parque-Dom\u00ednico-vecinos-01\" width=\"300\" height=\"169\" srcset=\"https:\/\/www.elsindical.com.ar\/notas\/var\/www\/html\/notas\/wp-content\/uploads\/2015\/07\/Parque-Dom\u00ednico-vecinos-01-300x169.jpg 300w, https:\/\/www.elsindical.com.ar\/notas\/var\/www\/html\/notas\/wp-content\/uploads\/2015\/07\/Parque-Dom\u00ednico-vecinos-01-500x281.jpg 500w, https:\/\/www.elsindical.com.ar\/notas\/var\/www\/html\/notas\/wp-content\/uploads\/2015\/07\/Parque-Dom\u00ednico-vecinos-01.jpg 738w\" sizes=\"auto, (max-width: 300px) 100vw, 300px\" \/><\/a><\/p>\n<p><iframe loading=\"lazy\" src=\"https:\/\/www.youtube.com\/embed\/rhLpgtUrk48\" width=\"580\" height=\"420\" frameborder=\"0\" allowfullscreen=\"allowfullscreen\"><\/iframe><\/p>\n<p><em><strong>Por Marcelo Ricardo Hawrylciw<\/strong><\/em><\/p>\n<p>&nbsp;<\/p>\n<p>&nbsp;<\/p>\n","protected":false},"excerpt":{"rendered":"<p>\u00a0 Una centena de vecinos, se reunieron en el Parque Dom\u00ednico, para organizarse y protestar por las obras que el municipio de Avellaneda se encuentra realizando en el predio, lo que motivo el estado de alerta fueron la tala de \u00e1rboles y la remoci\u00f3n de parte del paisaje para dar paso a una calle y&hellip;<\/p>\n","protected":false},"author":1,"featured_media":0,"comment_status":"open","ping_status":"open","sticky":false,"template":"","format":"standard","meta":{"footnotes":""},"categories":[25],"tags":[461,16587,1062,15723,2372],"class_list":["post-52827","post","type-post","status-publish","format-standard","hentry","category-sociedad","tag-avellaneda","tag-hcd","tag-jorge-ferraresi","tag-parque-dominico","tag-villa-dominico"],"_links":{"self":[{"href":"https:\/\/www.elsindical.com.ar\/notas\/wp-json\/wp\/v2\/posts\/52827","targetHints":{"allow":["GET"]}}],"collection":[{"href":"https:\/\/www.elsindical.com.ar\/notas\/wp-json\/wp\/v2\/posts"}],"about":[{"href":"https:\/\/www.elsindical.com.ar\/notas\/wp-json\/wp\/v2\/types\/post"}],"author":[{"embeddable":true,"href":"https:\/\/www.elsindical.com.ar\/notas\/wp-json\/wp\/v2\/users\/1"}],"replies":[{"embeddable":true,"href":"https:\/\/www.elsindical.com.ar\/notas\/wp-json\/wp\/v2\/comments?post=52827"}],"version-history":[{"count":1,"href":"https:\/\/www.elsindical.com.ar\/notas\/wp-json\/wp\/v2\/posts\/52827\/revisions"}],"predecessor-version":[{"id":52830,"href":"https:\/\/www.elsindical.com.ar\/notas\/wp-json\/wp\/v2\/posts\/52827\/revisions\/52830"}],"wp:attachment":[{"href":"https:\/\/www.elsindical.com.ar\/notas\/wp-json\/wp\/v2\/media?parent=52827"}],"wp:term":[{"taxonomy":"category","embeddable":true,"href":"https:\/\/www.elsindical.com.ar\/notas\/wp-json\/wp\/v2\/categories?post=52827"},{"taxonomy":"post_tag","embeddable":true,"href":"https:\/\/www.elsindical.com.ar\/notas\/wp-json\/wp\/v2\/tags?post=52827"}],"curies":[{"name":"wp","href":"https:\/\/api.w.org\/{rel}","templated":true}]}}