{"id":52824,"date":"2015-07-25T15:12:29","date_gmt":"2015-07-25T18:12:29","guid":{"rendered":"http:\/\/www.elsindical.com.ar\/notas\/?p=52824"},"modified":"2015-07-25T15:12:29","modified_gmt":"2015-07-25T18:12:29","slug":"florencio-varela-matan-a-preso-a-patadas-y-punetazos","status":"publish","type":"post","link":"https:\/\/www.elsindical.com.ar\/notas\/florencio-varela-matan-a-preso-a-patadas-y-punetazos\/","title":{"rendered":"Florencio Varela: Matan a preso a patadas y pu\u00f1etazos"},"content":{"rendered":"<p><em>\u00a0<a href=\"http:\/\/www.elsindical.com.ar\/notas\/var\/www\/html\/notas\/wp-content\/uploads\/2015\/07\/Unidad-31-SPB-Florencio-Varela.jpg\"><img loading=\"lazy\" decoding=\"async\" class=\"alignnone size-medium wp-image-52825\" src=\"http:\/\/www.elsindical.com.ar\/notas\/var\/www\/html\/notas\/wp-content\/uploads\/2015\/07\/Unidad-31-SPB-Florencio-Varela-300x173.jpg\" alt=\"Unidad-31-SPB-Florencio-Varela\" width=\"300\" height=\"173\" srcset=\"https:\/\/www.elsindical.com.ar\/notas\/var\/www\/html\/notas\/wp-content\/uploads\/2015\/07\/Unidad-31-SPB-Florencio-Varela-300x173.jpg 300w, https:\/\/www.elsindical.com.ar\/notas\/var\/www\/html\/notas\/wp-content\/uploads\/2015\/07\/Unidad-31-SPB-Florencio-Varela-500x289.jpg 500w, https:\/\/www.elsindical.com.ar\/notas\/var\/www\/html\/notas\/wp-content\/uploads\/2015\/07\/Unidad-31-SPB-Florencio-Varela.jpg 531w\" sizes=\"auto, (max-width: 300px) 100vw, 300px\" \/><\/a>\u00a0Un recluso de 27 a\u00f1os\u00a0fue asesinado salvajemente por dos presidiarios en la Unidad Penitenciario N\u00ba31 de Florencio Varela, luego de una acalorada reyerta. Los guardiac\u00e1rceles acudieron a socorrer al joven, pero falleci\u00f3 debido a los fuertes golpes.<\/em><\/p>\n<p>En un tremendo suceso, un recluso, de 27 a\u00f1os, fue salvajemente asesinado a pu\u00f1etazos y patadas, al ser agredido por otros 2 presos. El caso se registr\u00f3 ayer, en la Unidad Penitenciaria N\u00ba 31 de Florencio Varela, en el sur del conurbano bonaerense. Los voceros revelaron que esta infortunada v\u00edctima fue identificada como <strong>Julio C\u00e9sar Ben\u00edtez<\/strong>, de 27 a\u00f1os, que se hallaba acusado de <em>\u201cEncubrimiento\u201d<\/em>, a disposici\u00f3n del Juzgado en lo Correccional N\u00ba 1 de San Mart\u00edn.<\/p>\n<p>Trascendi\u00f3 que el terrible hecho se produjo a las 9.10 de la v\u00edspera, en uno de los pabellones del citado establecimiento carcelario que est\u00e1 situado en el kil\u00f3metro 15,300 de la ruta provincial 53, cuando se origin\u00f3 una acalorada reyerta entre Ben\u00edtez y otros 2 internos. La disputa finaliz\u00f3 tr\u00e1gicamente, ya que los criminales no dudaron en agredir sin piedad a su adversario, quien padeci\u00f3 heridas de gravedad.<\/p>\n<p>Guardiac\u00e1rceles del famoso complejo penitenciario concurrieron r\u00e1pidamente al escenario de la tragedia y trataron de socorrer al damnificado. Sin embargo, la v\u00edctima pereci\u00f3 tras ser brutalmente atacada a pu\u00f1etazos y patadas.<\/p>\n<p>De acuerdo con lo manifestado por los informantes, los responsables del horrendo asesinato se encuentran en dicha c\u00e1rcel por diferentes il\u00edcitos. A uno de ellos se lo imputa por <em>\u201cRobo agravado por el uso de arma de fuego\u201d<\/em>, mientras que su c\u00f3mplice est\u00e1 acusado de <em>\u201cTentativa de homicidio\u201d.<\/p>\n<p>\u200b<\/em>Se desconocen, hasta el momento, los motivos que provocaron la fatal disputa entre Ben\u00edtez y los otros reclusos. El caso es investigado por los servidores p\u00fablicos destinados en la comisar\u00eda de La Capilla (5\u00aa de Florencio Varela).<\/p>\n","protected":false},"excerpt":{"rendered":"<p>\u00a0\u00a0Un recluso de 27 a\u00f1os\u00a0fue asesinado salvajemente por dos presidiarios en la Unidad Penitenciario N\u00ba31 de Florencio Varela, luego de una acalorada reyerta. Los guardiac\u00e1rceles acudieron a socorrer al joven, pero falleci\u00f3 debido a los fuertes golpes. En un tremendo suceso, un recluso, de 27 a\u00f1os, fue salvajemente asesinado a pu\u00f1etazos y patadas, al ser&hellip;<\/p>\n","protected":false},"author":1,"featured_media":0,"comment_status":"open","ping_status":"open","sticky":false,"template":"","format":"standard","meta":{"footnotes":""},"categories":[19],"tags":[21854,1544,21855],"class_list":["post-52824","post","type-post","status-publish","format-standard","hentry","category-intramuros","tag-julio-cesar-benitez","tag-spb","tag-unidad-31"],"_links":{"self":[{"href":"https:\/\/www.elsindical.com.ar\/notas\/wp-json\/wp\/v2\/posts\/52824","targetHints":{"allow":["GET"]}}],"collection":[{"href":"https:\/\/www.elsindical.com.ar\/notas\/wp-json\/wp\/v2\/posts"}],"about":[{"href":"https:\/\/www.elsindical.com.ar\/notas\/wp-json\/wp\/v2\/types\/post"}],"author":[{"embeddable":true,"href":"https:\/\/www.elsindical.com.ar\/notas\/wp-json\/wp\/v2\/users\/1"}],"replies":[{"embeddable":true,"href":"https:\/\/www.elsindical.com.ar\/notas\/wp-json\/wp\/v2\/comments?post=52824"}],"version-history":[{"count":1,"href":"https:\/\/www.elsindical.com.ar\/notas\/wp-json\/wp\/v2\/posts\/52824\/revisions"}],"predecessor-version":[{"id":52826,"href":"https:\/\/www.elsindical.com.ar\/notas\/wp-json\/wp\/v2\/posts\/52824\/revisions\/52826"}],"wp:attachment":[{"href":"https:\/\/www.elsindical.com.ar\/notas\/wp-json\/wp\/v2\/media?parent=52824"}],"wp:term":[{"taxonomy":"category","embeddable":true,"href":"https:\/\/www.elsindical.com.ar\/notas\/wp-json\/wp\/v2\/categories?post=52824"},{"taxonomy":"post_tag","embeddable":true,"href":"https:\/\/www.elsindical.com.ar\/notas\/wp-json\/wp\/v2\/tags?post=52824"}],"curies":[{"name":"wp","href":"https:\/\/api.w.org\/{rel}","templated":true}]}}