{"id":52822,"date":"2015-07-25T15:00:00","date_gmt":"2015-07-25T18:00:00","guid":{"rendered":"http:\/\/www.elsindical.com.ar\/notas\/?p=52822"},"modified":"2015-07-25T15:00:00","modified_gmt":"2015-07-25T18:00:00","slug":"exigen-que-scioli-de-explicaciones-por-la-muerte-de-una-cadete-aspirante-de-la-policia-local-en-moreno","status":"publish","type":"post","link":"https:\/\/www.elsindical.com.ar\/notas\/exigen-que-scioli-de-explicaciones-por-la-muerte-de-una-cadete-aspirante-de-la-policia-local-en-moreno\/","title":{"rendered":"Exigen que Scioli de explicaciones por la muerte de una cadete aspirante de la Polic\u00eda Local en Moreno"},"content":{"rendered":"<p class=\"font_8\"><em><a href=\"http:\/\/www.elsindical.com.ar\/notas\/var\/www\/html\/notas\/wp-content\/uploads\/2015\/07\/Andrea-Nair-Mart\u00ednez.jpg\"><img loading=\"lazy\" decoding=\"async\" class=\"alignnone size-medium wp-image-52747\" src=\"http:\/\/www.elsindical.com.ar\/notas\/var\/www\/html\/notas\/wp-content\/uploads\/2015\/07\/Andrea-Nair-Mart\u00ednez-300x214.jpg\" alt=\"Andrea-Nair-Mart\u00ednez\" width=\"300\" height=\"214\" srcset=\"https:\/\/www.elsindical.com.ar\/notas\/var\/www\/html\/notas\/wp-content\/uploads\/2015\/07\/Andrea-Nair-Mart\u00ednez-300x214.jpg 300w, https:\/\/www.elsindical.com.ar\/notas\/var\/www\/html\/notas\/wp-content\/uploads\/2015\/07\/Andrea-Nair-Mart\u00ednez-421x300.jpg 421w, https:\/\/www.elsindical.com.ar\/notas\/var\/www\/html\/notas\/wp-content\/uploads\/2015\/07\/Andrea-Nair-Mart\u00ednez.jpg 531w\" sizes=\"auto, (max-width: 300px) 100vw, 300px\" \/><\/a>\u00a0A ra\u00edz del fallecimiento de una cadete, el Diputado bonaerense de Progresistas Juan Carlos Ju\u00e1rez exige al Gobierno de la Provincia de Buenos Aires que explicite el Plan de formaci\u00f3n de la Escuela Descentralizada de la Polic\u00eda Local del distrito de Moreno. Denuncia abandono de persona por parte de los formadores de la academia policial y falta de atenci\u00f3n m\u00e9dica adecuada en los centros asistenciales de la provincia.<\/em><\/p>\n<p class=\"font_8\">En los fundamentos de la iniciativa se explica que el pasado 13 de julio, la cadete aspirante a Polic\u00eda, Andrea Nair Mart\u00ednez, sufri\u00f3 un accidente mientas se encontraba en dicha instituci\u00f3n. A ra\u00edz de un golpe con otra compa\u00f1era sinti\u00f3 fuertes dolores en el pecho, los cuales fueron desestimados por el personal encargado de las clases. La instructora le expres\u00f3 textualmente que \u201cera una maricona, que no se bancaba un golpecito\u00bb.<\/p>\n<p class=\"font_8\">Luego del incidente, la cadete Mart\u00ednez fue atendida en los Hospitales Mariano y Luciano de la Vega de Moreno y Vicente L\u00f3pez y Planes de General Rodr\u00edguez, en los que no recibi\u00f3 la atenci\u00f3n m\u00e9dica apropiada. Posteriormente a ello, el viernes 17 de julio, la cadete Mart\u00ednez falleci\u00f3.<\/p>\n<p class=\"font_8\">A ra\u00edz de esta situaci\u00f3n el proyecto del tambi\u00e9n precandidato a Diputado Nacional pidi\u00f3 la n\u00f3mina de agentes encargados de instruir la formaci\u00f3n en la Polic\u00eda Local de Moreno y solicit\u00f3, entre otras cosas, detalles de la cobertura m\u00e9dica que poseen los aspirantes en ocasi\u00f3n del entrenamiento y\/o formaci\u00f3n, como accesibilidad de ambulancias y centros de salud pr\u00f3ximos al predio donde se da instrucci\u00f3n a los cadetes.<\/p>\n<p class=\"font_8\">El Legislador advirti\u00f3 sobre \u201cla falta de atenci\u00f3n primaria a aquellas personas encargadas de velar por la seguridad de los ciudadanos, quienes por la tarea que les toca desempe\u00f1ar no poseen acceso inmediato a la salud, quedando en un estado absoluto de vulnerabilidad\u201d, y agreg\u00f3 que \u201clas personas que desarrollan actividades en el marco del Estado no poseen ni siquiera el resguardo por parte de \u00e9ste, lo cual resulta una paradoja absoluta\u201d.<\/p>\n<p class=\"font_8\">Por \u00faltimo, Ju\u00e1rez pidi\u00f3 al Gobierno de la Provincia \u201cllegar a la verdad de los hechos ocurridos que terminaron con la vida de la cadete Mart\u00ednez en la escuela de Polic\u00eda de Moreno\u201d.<\/p>\n","protected":false},"excerpt":{"rendered":"<p>\u00a0A ra\u00edz del fallecimiento de una cadete, el Diputado bonaerense de Progresistas Juan Carlos Ju\u00e1rez exige al Gobierno de la Provincia de Buenos Aires que explicite el Plan de formaci\u00f3n de la Escuela Descentralizada de la Polic\u00eda Local del distrito de Moreno. Denuncia abandono de persona por parte de los formadores de la academia policial&hellip;<\/p>\n","protected":false},"author":1,"featured_media":0,"comment_status":"open","ping_status":"open","sticky":false,"template":"","format":"standard","meta":{"footnotes":""},"categories":[13],"tags":[21830,983,1232,21009],"class_list":["post-52822","post","type-post","status-publish","format-standard","hentry","category-politica","tag-andrea-nair-martinez","tag-daniel-scioli","tag-moreno","tag-policia-local"],"_links":{"self":[{"href":"https:\/\/www.elsindical.com.ar\/notas\/wp-json\/wp\/v2\/posts\/52822","targetHints":{"allow":["GET"]}}],"collection":[{"href":"https:\/\/www.elsindical.com.ar\/notas\/wp-json\/wp\/v2\/posts"}],"about":[{"href":"https:\/\/www.elsindical.com.ar\/notas\/wp-json\/wp\/v2\/types\/post"}],"author":[{"embeddable":true,"href":"https:\/\/www.elsindical.com.ar\/notas\/wp-json\/wp\/v2\/users\/1"}],"replies":[{"embeddable":true,"href":"https:\/\/www.elsindical.com.ar\/notas\/wp-json\/wp\/v2\/comments?post=52822"}],"version-history":[{"count":1,"href":"https:\/\/www.elsindical.com.ar\/notas\/wp-json\/wp\/v2\/posts\/52822\/revisions"}],"predecessor-version":[{"id":52823,"href":"https:\/\/www.elsindical.com.ar\/notas\/wp-json\/wp\/v2\/posts\/52822\/revisions\/52823"}],"wp:attachment":[{"href":"https:\/\/www.elsindical.com.ar\/notas\/wp-json\/wp\/v2\/media?parent=52822"}],"wp:term":[{"taxonomy":"category","embeddable":true,"href":"https:\/\/www.elsindical.com.ar\/notas\/wp-json\/wp\/v2\/categories?post=52822"},{"taxonomy":"post_tag","embeddable":true,"href":"https:\/\/www.elsindical.com.ar\/notas\/wp-json\/wp\/v2\/tags?post=52822"}],"curies":[{"name":"wp","href":"https:\/\/api.w.org\/{rel}","templated":true}]}}