{"id":5274,"date":"2010-04-04T16:49:51","date_gmt":"2010-04-04T19:49:51","guid":{"rendered":"http:\/\/www.elsindical.com.ar\/notas\/?p=5274"},"modified":"2010-04-04T16:49:51","modified_gmt":"2010-04-04T19:49:51","slug":"cordoba-un-fallo-autoriza-a-no-usar-cascos-ni-cinturones-de-seguridad","status":"publish","type":"post","link":"https:\/\/www.elsindical.com.ar\/notas\/cordoba-un-fallo-autoriza-a-no-usar-cascos-ni-cinturones-de-seguridad\/","title":{"rendered":"C\u00f3rdoba: Un fallo autoriza a no usar cascos ni cinturones de seguridad"},"content":{"rendered":"<p style=\"text-align: justify;\"><a href=\"http:\/\/www.elsindical.com.ar\/notas\/var\/www\/html\/notas\/wp-content\/uploads\/2010\/04\/control-de-tr\u00e1nsito.jpg\"><img loading=\"lazy\" decoding=\"async\" class=\"alignleft size-full wp-image-5275\" title=\"control-de-tr\u00e1nsito\" src=\"http:\/\/www.elsindical.com.ar\/notas\/var\/www\/html\/notas\/wp-content\/uploads\/2010\/04\/control-de-tr\u00e1nsito.jpg\" alt=\"\" width=\"227\" height=\"133\" \/><\/a>El <strong>juez cordob\u00e9s <\/strong>Carlos Gigena eximi\u00f3 de pagar una multa a dos motociclistas que no usaban casco. Aleg\u00f3 que el uso de ese tipo de protecciones es un derecho individual que no afecta a terceros y <strong>fundament\u00f3 su decisi\u00f3n en el fallo de la Corte Suprema que avala el consumo personal de estupefacientes.<\/strong><\/p>\n<p style=\"text-align: justify;\">\u00ab<strong>El uso del casco o cintur\u00f3n de <a href=\"http:\/\/ads.us.e-planning.net\/ei\/3\/33c6\/4307fb49bcc4a64d?rnd=0.5948496103171509&amp;pb=120557224e607967&amp;fi=cbd80c7cf54c28d8&amp;kw=seguridad\">seguridad<\/a> en personas mayores comprende la intimidad, la conciencia, el derecho de disponer de sus actos, de su obrar, de su propio cuerpo, de su vida, en ejercicio de su libertad\u00bb <\/strong>, expresa uno de los p\u00e1rrafos de la resoluci\u00f3n firmada por el juez cordob\u00e9s Carlos Gigena el 8 de octubre de 2009 y que eximi\u00f3 el pago de una multa por esa falta a dos motociclistas.<br \/>\n\u00a0<br \/>\nGigena explic\u00f3 que su fallo se bas\u00f3 en una resoluci\u00f3n sobre dos casos particulares del Tribunal Superior de Justicia sobre la despenalizaci\u00f3n de la tenencia de drogas para consumo personal, seg\u00fan publica <em>Cadena3.com<\/em>.<\/p>\n<p>\u201cEn ese caso,<strong> la Corte privilegi\u00f3 el principio de libertad que rechaza cualquier norma que invada la esfera de libertad personal en tanto la conducta no traiga aparejado un peligro concreto o da\u00f1o a derecho o bienes de terceros<\/strong>\u201d, fundament\u00f3 el juez\u00a0de Faltas de\u00a0Santa Rosa de Calamuchita.<\/p>\n<p>A su vez, aclar\u00f3 que el fallo fue dispuesto \u00abantes del episodio de Baradero\u00bb \u2013incidente por el que falleci\u00f3 una pareja de adolescentes- y agreg\u00f3 que la misma \u00abno acepta un descargo por presunta inconstitucionalidad\u00bb.<\/p>\n<p>El episodio, que abre una<strong> pol\u00e9mica sobre seguridad vial<\/strong>, se gener\u00f3 cuando Gigena acept\u00f3 el descargo de dos personas que hab\u00edan sido sancionadas por inspectores municipales por circular en moto sin casco.<\/p>\n<p><strong>Ariel Dimasi y Juan Fullana, ambos domiciliados en la provincia de Buenos Aires, solicitaron la no imposici\u00f3n de la multa ampar\u00e1ndose en un fallo por otra causa diferente de la Corte Suprema de Justicia, conocido meses antes.<\/strong><br \/>\n<strong><br \/>\n<\/strong>Los motociclistas se\u00f1alaron en su escrito que la sanci\u00f3n \u00abno corresponde toda vez que como personas mayores de edad tenemos el derecho de elegir si usamos o no el casco\u00bb.<\/p>\n","protected":false},"excerpt":{"rendered":"<p>El juez cordob\u00e9s Carlos Gigena eximi\u00f3 de pagar una multa a dos motociclistas que no usaban casco. Aleg\u00f3 que el uso de ese tipo de protecciones es un derecho individual que no afecta a terceros y fundament\u00f3 su decisi\u00f3n en el fallo de la Corte Suprema que avala el consumo personal de estupefacientes. \u00abEl uso&hellip;<\/p>\n","protected":false},"author":1,"featured_media":0,"comment_status":"open","ping_status":"open","sticky":false,"template":"","format":"standard","meta":{"footnotes":""},"categories":[20],"tags":[2787,145,2073,733,197],"class_list":["post-5274","post","type-post","status-publish","format-standard","hentry","category-judiciales","tag-carlos-gigen","tag-casco","tag-cinturon-de-seguridad","tag-corte-suprema","tag-fallo"],"_links":{"self":[{"href":"https:\/\/www.elsindical.com.ar\/notas\/wp-json\/wp\/v2\/posts\/5274","targetHints":{"allow":["GET"]}}],"collection":[{"href":"https:\/\/www.elsindical.com.ar\/notas\/wp-json\/wp\/v2\/posts"}],"about":[{"href":"https:\/\/www.elsindical.com.ar\/notas\/wp-json\/wp\/v2\/types\/post"}],"author":[{"embeddable":true,"href":"https:\/\/www.elsindical.com.ar\/notas\/wp-json\/wp\/v2\/users\/1"}],"replies":[{"embeddable":true,"href":"https:\/\/www.elsindical.com.ar\/notas\/wp-json\/wp\/v2\/comments?post=5274"}],"version-history":[{"count":1,"href":"https:\/\/www.elsindical.com.ar\/notas\/wp-json\/wp\/v2\/posts\/5274\/revisions"}],"predecessor-version":[{"id":5276,"href":"https:\/\/www.elsindical.com.ar\/notas\/wp-json\/wp\/v2\/posts\/5274\/revisions\/5276"}],"wp:attachment":[{"href":"https:\/\/www.elsindical.com.ar\/notas\/wp-json\/wp\/v2\/media?parent=5274"}],"wp:term":[{"taxonomy":"category","embeddable":true,"href":"https:\/\/www.elsindical.com.ar\/notas\/wp-json\/wp\/v2\/categories?post=5274"},{"taxonomy":"post_tag","embeddable":true,"href":"https:\/\/www.elsindical.com.ar\/notas\/wp-json\/wp\/v2\/tags?post=5274"}],"curies":[{"name":"wp","href":"https:\/\/api.w.org\/{rel}","templated":true}]}}