{"id":52728,"date":"2015-07-21T19:12:10","date_gmt":"2015-07-21T22:12:10","guid":{"rendered":"http:\/\/www.elsindical.com.ar\/notas\/?p=52728"},"modified":"2015-07-21T19:12:10","modified_gmt":"2015-07-21T22:12:10","slug":"villa-lugano-mato-a-la-hermana-y-se-volo-la-cabeza","status":"publish","type":"post","link":"https:\/\/www.elsindical.com.ar\/notas\/villa-lugano-mato-a-la-hermana-y-se-volo-la-cabeza\/","title":{"rendered":"Villa Lugano: Mat\u00f3 a la hermana y se vol\u00f3 la cabeza"},"content":{"rendered":"<p><em><a href=\"http:\/\/www.elsindical.com.ar\/notas\/var\/www\/html\/notas\/wp-content\/uploads\/2015\/07\/esquina-Larrazabal-y-Hubac.jpg\"><img loading=\"lazy\" decoding=\"async\" class=\"alignnone size-medium wp-image-52729\" src=\"http:\/\/www.elsindical.com.ar\/notas\/var\/www\/html\/notas\/wp-content\/uploads\/2015\/07\/esquina-Larrazabal-y-Hubac-300x194.jpg\" alt=\"esquina-Larrazabal-y-Hubac\" width=\"300\" height=\"194\" srcset=\"https:\/\/www.elsindical.com.ar\/notas\/var\/www\/html\/notas\/wp-content\/uploads\/2015\/07\/esquina-Larrazabal-y-Hubac-300x194.jpg 300w, https:\/\/www.elsindical.com.ar\/notas\/var\/www\/html\/notas\/wp-content\/uploads\/2015\/07\/esquina-Larrazabal-y-Hubac-465x300.jpg 465w, https:\/\/www.elsindical.com.ar\/notas\/var\/www\/html\/notas\/wp-content\/uploads\/2015\/07\/esquina-Larrazabal-y-Hubac.jpg 502w\" sizes=\"auto, (max-width: 300px) 100vw, 300px\" \/><\/a>\u00a0El sangriento episodio sacudi\u00f3 al barrio porte\u00f1o de Villa Lugano en horas de la madrugada de este martes. Un sujeto discuti\u00f3 con su familiar presuntamente por la titularidad de una propiedad en venta, justamente donde se produjo el crimen, la asesin\u00f3 de un tiro con un rev\u00f3lver y luego se suicid\u00f3 peg\u00e1ndose un tiro en el cr\u00e1neo.<\/em><\/p>\n<p>Un hombre asesin\u00f3 a balazos a una mujer, que al parecer ser\u00eda su hermana, y luego se quit\u00f3 la vida dispar\u00e1ndose en la cabeza, en un cruento suceso ocurrido en el barrio porte\u00f1o de Villa Lugano. De acuerdo a lo que trascendi\u00f3, el sujeto\u00a0habr\u00eda discutido de manera violenta con la se\u00f1ora por diferencias en la venta de una propiedad.<\/p>\n<p>El suceso se produjo en las primeras horas de este martes en el inmueble situado en la esquina de Larraz\u00e1bal y Hubac, en el mencionado barrio metropolitano, que tiene en su entrada un cartel de inmobiliaria que anuncia su venta.<\/p>\n<p>Seg\u00fan los testimonios recogidos, el vecino de una casa lindera escuch\u00f3 un golpe seco\u00a0y crey\u00f3 que se trataba del escape de un cami\u00f3n, dado que en la zona circulan muchos veh\u00edculos de gran porte. Sin embargo, al o\u00edr la segunda estampida, se acerc\u00f3 a la vivienda contigua y vio, a trav\u00e9s de la persiana que se encontraba entreabierta, el cuerpo de una mujer, al parecer herida.<\/p>\n<p>De inmediato dio aviso a las autoridades policiales, que concurrieron al lugar, constataron que hab\u00eda dos cuerpos sin vida\u00a0y luego permanecieron m\u00e1s de cinco horas para retirar a las v\u00edctimas. Al lado del hombre, los efectivos encontraron un rev\u00f3lver y por su cercan\u00eda todo indicar\u00eda que se habr\u00eda suicidado. La mujer presentaba un impacto y el individuo otro, pero en la cabeza.<\/p>\n<p>Las presunciones indican que el hombre, de unos 60 a\u00f1os, habr\u00eda discutido con la mujer, de unos 45 y quien ser\u00eda su hermana, por la titularidad de la vivienda en venta. El caso qued\u00f3 a cargo de los pesquisas de la seccional 48\u00aa.<\/p>\n","protected":false},"excerpt":{"rendered":"<p>\u00a0El sangriento episodio sacudi\u00f3 al barrio porte\u00f1o de Villa Lugano en horas de la madrugada de este martes. Un sujeto discuti\u00f3 con su familiar presuntamente por la titularidad de una propiedad en venta, justamente donde se produjo el crimen, la asesin\u00f3 de un tiro con un rev\u00f3lver y luego se suicid\u00f3 peg\u00e1ndose un tiro en&hellip;<\/p>\n","protected":false},"author":1,"featured_media":0,"comment_status":"open","ping_status":"open","sticky":false,"template":"","format":"standard","meta":{"footnotes":""},"categories":[22],"tags":[363,5645,522,1178],"class_list":["post-52728","post","type-post","status-publish","format-standard","hentry","category-policiales","tag-asesinato","tag-hermana","tag-suicidio","tag-villa-lugano"],"_links":{"self":[{"href":"https:\/\/www.elsindical.com.ar\/notas\/wp-json\/wp\/v2\/posts\/52728","targetHints":{"allow":["GET"]}}],"collection":[{"href":"https:\/\/www.elsindical.com.ar\/notas\/wp-json\/wp\/v2\/posts"}],"about":[{"href":"https:\/\/www.elsindical.com.ar\/notas\/wp-json\/wp\/v2\/types\/post"}],"author":[{"embeddable":true,"href":"https:\/\/www.elsindical.com.ar\/notas\/wp-json\/wp\/v2\/users\/1"}],"replies":[{"embeddable":true,"href":"https:\/\/www.elsindical.com.ar\/notas\/wp-json\/wp\/v2\/comments?post=52728"}],"version-history":[{"count":1,"href":"https:\/\/www.elsindical.com.ar\/notas\/wp-json\/wp\/v2\/posts\/52728\/revisions"}],"predecessor-version":[{"id":52730,"href":"https:\/\/www.elsindical.com.ar\/notas\/wp-json\/wp\/v2\/posts\/52728\/revisions\/52730"}],"wp:attachment":[{"href":"https:\/\/www.elsindical.com.ar\/notas\/wp-json\/wp\/v2\/media?parent=52728"}],"wp:term":[{"taxonomy":"category","embeddable":true,"href":"https:\/\/www.elsindical.com.ar\/notas\/wp-json\/wp\/v2\/categories?post=52728"},{"taxonomy":"post_tag","embeddable":true,"href":"https:\/\/www.elsindical.com.ar\/notas\/wp-json\/wp\/v2\/tags?post=52728"}],"curies":[{"name":"wp","href":"https:\/\/api.w.org\/{rel}","templated":true}]}}