{"id":52697,"date":"2015-07-19T10:18:50","date_gmt":"2015-07-19T13:18:50","guid":{"rendered":"http:\/\/www.elsindical.com.ar\/notas\/?p=52697"},"modified":"2015-07-19T11:48:57","modified_gmt":"2015-07-19T14:48:57","slug":"gerli-a-horas-de-inaugurar-destacamento-policial-delincuentes-se-burlan-del-estado","status":"publish","type":"post","link":"https:\/\/www.elsindical.com.ar\/notas\/gerli-a-horas-de-inaugurar-destacamento-policial-delincuentes-se-burlan-del-estado\/","title":{"rendered":"Gerli: A horas de inaugurar destacamento policial delincuentes se burlan del Estado"},"content":{"rendered":"<p><a href=\"http:\/\/www.elsindical.com.ar\/notas\/var\/www\/html\/notas\/wp-content\/uploads\/2015\/07\/destacamento-Gerli.jpg\"><img loading=\"lazy\" decoding=\"async\" class=\"alignnone size-medium wp-image-52699\" src=\"http:\/\/www.elsindical.com.ar\/notas\/var\/www\/html\/notas\/wp-content\/uploads\/2015\/07\/destacamento-Gerli-300x202.jpg\" alt=\"destacamento-Gerli\" width=\"300\" height=\"202\" srcset=\"https:\/\/www.elsindical.com.ar\/notas\/var\/www\/html\/notas\/wp-content\/uploads\/2015\/07\/destacamento-Gerli-300x202.jpg 300w, https:\/\/www.elsindical.com.ar\/notas\/var\/www\/html\/notas\/wp-content\/uploads\/2015\/07\/destacamento-Gerli-446x300.jpg 446w, https:\/\/www.elsindical.com.ar\/notas\/var\/www\/html\/notas\/wp-content\/uploads\/2015\/07\/destacamento-Gerli.jpg 620w\" sizes=\"auto, (max-width: 300px) 100vw, 300px\" \/><\/a> <em>Cuando restan horas para la inauguraci\u00f3n oficial de un nuevo destacamento policial en la localidad de Gerli, ubicado en las calles Heredia y Reconquista, donde trabajaran en conjunto la polic\u00eda local y el C.P.C. con el apoyo de c\u00e1maras de seguridad, en tan solo tres d\u00edas se cometieron varios robos sobre veh\u00edculos.<\/em><\/p>\n<p>Tal vez la noticia m\u00e1s relevante surgi\u00f3 del robo del auto al carnicero del barrio Daniel en la calle Tres Sargentos al 1600 a metros de la Unidad Sanitaria N\u00ba 14, una esquina donde los vecinos hace tiempo vienen denunciando que se juntan todo tipo de j\u00f3venes a consumir alcohol y drogarse, a pesar de los reiterados reclamos desde la comisar\u00eda 6ta. no han hecho a la fecha nada por controlar el lugar.<\/p>\n<p>El s\u00e1bado 18 de julio promediando las 14:00 hs. Daniel regresaba de realizar unas compras en su Gol Trend blanco, patente JGP 317, cuando fue abordado por 4 hombres armados que descendieron de un auto y a punta de pistola lo despojaron de su auto, el hecho caus\u00f3 conmoci\u00f3n entre los vecinos ya que el comerciante lleva varios a\u00f1os en el lugar y es apreciado por todos, los mismos vecinos est\u00e1n alarmados por la impunidad con la que se mueven los delincuentes en el barrio, ya que el viernes 17 de julio, es decir, menos de 24 hs. antes a las 18:00 hs., un joven que sal\u00eda de la panader\u00eda ubicada al lado de la carnicer\u00eda de Daniel, fue abordado por dos hombres que circulaban en moto y con amenazas de muerte le robaron la moto para darse a la fuga, en este caso las mujeres enojadas remarcaban que en ese momento hab\u00eda varios chicos jugando en la vereda.<\/p>\n<p>Los vecinos est\u00e1n realmente cansados de lo que est\u00e1 pasando en Gerli, cansados de las promesas, ayer pasadas las 18:00 hs. varios delincuentes en moto rondaban el barrio, los m\u00f3viles policiales se ven, pasan pero a su lado pasan estos delincuentes sin que nadie los intente por lo menos identificar.<\/p>\n<p>Para que se entienda o entiendan las autoridades correspondientes, la polic\u00eda debe tener presencia efectiva, si van a pasar sin prestar atenci\u00f3n, seguimos con los mismos problemas de siempre, si van a instalar c\u00e1maras que nadie controla, el gasto en los equipos y mantenimiento no se justifica. Algo pasa, los ven a los delincuentes los vecinos y la polic\u00eda no?.<\/p>\n<p><a href=\"http:\/\/www.elsindical.com.ar\/notas\/var\/www\/html\/notas\/wp-content\/uploads\/2015\/07\/auto-robado-a-Daniel.jpg\"><img loading=\"lazy\" decoding=\"async\" class=\"alignnone size-medium wp-image-52698\" src=\"http:\/\/www.elsindical.com.ar\/notas\/var\/www\/html\/notas\/wp-content\/uploads\/2015\/07\/auto-robado-a-Daniel-300x225.jpg\" alt=\"auto-robado-a-Daniel\" width=\"300\" height=\"225\" srcset=\"https:\/\/www.elsindical.com.ar\/notas\/var\/www\/html\/notas\/wp-content\/uploads\/2015\/07\/auto-robado-a-Daniel-300x225.jpg 300w, https:\/\/www.elsindical.com.ar\/notas\/var\/www\/html\/notas\/wp-content\/uploads\/2015\/07\/auto-robado-a-Daniel-401x300.jpg 401w, https:\/\/www.elsindical.com.ar\/notas\/var\/www\/html\/notas\/wp-content\/uploads\/2015\/07\/auto-robado-a-Daniel.jpg 620w\" sizes=\"auto, (max-width: 300px) 100vw, 300px\" \/><\/a><\/p>\n<p>&nbsp;<\/p>\n<p><em><strong>Por Marcelo Ricardo Hawrylciw<\/strong><\/em><\/p>\n<p>&nbsp;<\/p>\n<p>Vecinos enterados de los \u00faltimos hechos agregan que en la calle Tapalqu\u00e9 al 1400, un vecino Ramiro, le robaron su Fiat Uno a las 03:00 hs. la semana pasada, Gerli tierra de nadie.<\/p>\n<p>&nbsp;<\/p>\n","protected":false},"excerpt":{"rendered":"<p>Cuando restan horas para la inauguraci\u00f3n oficial de un nuevo destacamento policial en la localidad de Gerli, ubicado en las calles Heredia y Reconquista, donde trabajaran en conjunto la polic\u00eda local y el C.P.C. con el apoyo de c\u00e1maras de seguridad, en tan solo tres d\u00edas se cometieron varios robos sobre veh\u00edculos. Tal vez la&hellip;<\/p>\n","protected":false},"author":1,"featured_media":0,"comment_status":"open","ping_status":"open","sticky":false,"template":"","format":"standard","meta":{"footnotes":""},"categories":[10],"tags":[1126,461,16163,21819,581,1662,146,116],"class_list":["post-52697","post","type-post","status-publish","format-standard","hentry","category-editorial","tag-autos","tag-avellaneda","tag-comisaria-6ta","tag-daniel","tag-delincuentes","tag-gerli","tag-motos","tag-robo"],"_links":{"self":[{"href":"https:\/\/www.elsindical.com.ar\/notas\/wp-json\/wp\/v2\/posts\/52697","targetHints":{"allow":["GET"]}}],"collection":[{"href":"https:\/\/www.elsindical.com.ar\/notas\/wp-json\/wp\/v2\/posts"}],"about":[{"href":"https:\/\/www.elsindical.com.ar\/notas\/wp-json\/wp\/v2\/types\/post"}],"author":[{"embeddable":true,"href":"https:\/\/www.elsindical.com.ar\/notas\/wp-json\/wp\/v2\/users\/1"}],"replies":[{"embeddable":true,"href":"https:\/\/www.elsindical.com.ar\/notas\/wp-json\/wp\/v2\/comments?post=52697"}],"version-history":[{"count":3,"href":"https:\/\/www.elsindical.com.ar\/notas\/wp-json\/wp\/v2\/posts\/52697\/revisions"}],"predecessor-version":[{"id":52706,"href":"https:\/\/www.elsindical.com.ar\/notas\/wp-json\/wp\/v2\/posts\/52697\/revisions\/52706"}],"wp:attachment":[{"href":"https:\/\/www.elsindical.com.ar\/notas\/wp-json\/wp\/v2\/media?parent=52697"}],"wp:term":[{"taxonomy":"category","embeddable":true,"href":"https:\/\/www.elsindical.com.ar\/notas\/wp-json\/wp\/v2\/categories?post=52697"},{"taxonomy":"post_tag","embeddable":true,"href":"https:\/\/www.elsindical.com.ar\/notas\/wp-json\/wp\/v2\/tags?post=52697"}],"curies":[{"name":"wp","href":"https:\/\/api.w.org\/{rel}","templated":true}]}}