{"id":5266,"date":"2010-04-04T00:48:40","date_gmt":"2010-04-04T03:48:40","guid":{"rendered":"http:\/\/www.elsindical.com.ar\/notas\/?p=5266"},"modified":"2010-04-04T00:48:40","modified_gmt":"2010-04-04T03:48:40","slug":"scarlett-johansson-promociona-iron-man-ii","status":"publish","type":"post","link":"https:\/\/www.elsindical.com.ar\/notas\/scarlett-johansson-promociona-iron-man-ii\/","title":{"rendered":"Scarlett Johansson promociona Iron Man II"},"content":{"rendered":"<p style=\"text-align: justify;\"><em><a href=\"http:\/\/www.elsindical.com.ar\/notas\/var\/www\/html\/notas\/wp-content\/uploads\/2010\/04\/Scarlett-Johansson-Iron-Man.jpg\"><img loading=\"lazy\" decoding=\"async\" class=\"alignleft size-medium wp-image-5267\" title=\"Scarlett-Johansson-Iron-Man\" src=\"http:\/\/www.elsindical.com.ar\/notas\/var\/www\/html\/notas\/wp-content\/uploads\/2010\/04\/Scarlett-Johansson-Iron-Man-300x179.jpg\" alt=\"\" width=\"300\" height=\"179\" srcset=\"https:\/\/www.elsindical.com.ar\/notas\/var\/www\/html\/notas\/wp-content\/uploads\/2010\/04\/Scarlett-Johansson-Iron-Man-300x179.jpg 300w, https:\/\/www.elsindical.com.ar\/notas\/var\/www\/html\/notas\/wp-content\/uploads\/2010\/04\/Scarlett-Johansson-Iron-Man.jpg 397w\" sizes=\"auto, (max-width: 300px) 100vw, 300px\" \/><\/a>La bella actriz Scarlett Johansson <strong>cambi\u00f3 por completo el look <\/strong>para su nueva pel\u00edcula Iron Man 2.<\/em><\/p>\n<p style=\"text-align: justify;\"><em>La voluptuosa actriz Scarlett Johansson <strong>se ti\u00f1\u00f3 su cabello de pelirrojo y se calz\u00f3 un traje oscuro e h\u00edper ajustado para ponerse en la piel de Natasha Romanoff \/ Black Widow (Viuda negra),<\/strong> el personaje que encarnar\u00e1 en la pel\u00edcula Iron Man 2 (Hombre de hierro 2).<\/p>\n<p><\/em>Si bien en nuestro pa\u00eds el estreno de la cinta dirigida por Jon Favreau est\u00e1 previsto para finales del mes de abril, una Scarlett casi irreconocible ya comenz\u00f3 a derrochar sensualidad desde los afiches promocionales.<\/p>\n<p>Adem\u00e1s de Johansson, este largometraje de s\u00faper h\u00e9roes y villanos contar\u00e1 con un elenco de lujo conformado por Robert Downey Jr., Gwyneth Paltrow, Samuel L. Jackson, Mickey Rourke, Don Cheadle, Paul Bettany, Sam Rockwell y Olivia Munn, entre otros.<\/p>\n<p>En esta segunda parte del filme, el mundo sabr\u00e1 que el multimillonario Tony Stark (Downey Jr.) es Iron Man, el s\u00faper h\u00e9roe enmascarado. Sometido a presiones por parte del gobierno, la prensa y la opini\u00f3n p\u00fablica para que comparta su tecnolog\u00eda con el ej\u00e9rcito, Tony se opondr\u00e1 a develar los secretos de la armadura de Iron Man temiendo que esa informaci\u00f3n pueda caer en las manos equivocadas.<\/p>\n<p>Con Pepper Potts (Paltrow) y James \u00abRhodey\u00bb Rhodes (Don Cheadle) a su lado, Tony forjar\u00e1 nuevas alianzas y se enfrentar\u00e1 a poderosas fuerzas.<\/p>\n","protected":false},"excerpt":{"rendered":"<p>La bella actriz Scarlett Johansson cambi\u00f3 por completo el look para su nueva pel\u00edcula Iron Man 2. La voluptuosa actriz Scarlett Johansson se ti\u00f1\u00f3 su cabello de pelirrojo y se calz\u00f3 un traje oscuro e h\u00edper ajustado para ponerse en la piel de Natasha Romanoff \/ Black Widow (Viuda negra), el personaje que encarnar\u00e1 en&hellip;<\/p>\n","protected":false},"author":1,"featured_media":0,"comment_status":"open","ping_status":"open","sticky":false,"template":"","format":"standard","meta":{"footnotes":""},"categories":[15],"tags":[2785,2784,63,2783,2782],"class_list":["post-5266","post","type-post","status-publish","format-standard","hentry","category-espectaculos","tag-estreno","tag-iron-man-ii","tag-pelicula","tag-promocion","tag-scarlett-johansson"],"_links":{"self":[{"href":"https:\/\/www.elsindical.com.ar\/notas\/wp-json\/wp\/v2\/posts\/5266","targetHints":{"allow":["GET"]}}],"collection":[{"href":"https:\/\/www.elsindical.com.ar\/notas\/wp-json\/wp\/v2\/posts"}],"about":[{"href":"https:\/\/www.elsindical.com.ar\/notas\/wp-json\/wp\/v2\/types\/post"}],"author":[{"embeddable":true,"href":"https:\/\/www.elsindical.com.ar\/notas\/wp-json\/wp\/v2\/users\/1"}],"replies":[{"embeddable":true,"href":"https:\/\/www.elsindical.com.ar\/notas\/wp-json\/wp\/v2\/comments?post=5266"}],"version-history":[{"count":2,"href":"https:\/\/www.elsindical.com.ar\/notas\/wp-json\/wp\/v2\/posts\/5266\/revisions"}],"predecessor-version":[{"id":5269,"href":"https:\/\/www.elsindical.com.ar\/notas\/wp-json\/wp\/v2\/posts\/5266\/revisions\/5269"}],"wp:attachment":[{"href":"https:\/\/www.elsindical.com.ar\/notas\/wp-json\/wp\/v2\/media?parent=5266"}],"wp:term":[{"taxonomy":"category","embeddable":true,"href":"https:\/\/www.elsindical.com.ar\/notas\/wp-json\/wp\/v2\/categories?post=5266"},{"taxonomy":"post_tag","embeddable":true,"href":"https:\/\/www.elsindical.com.ar\/notas\/wp-json\/wp\/v2\/tags?post=5266"}],"curies":[{"name":"wp","href":"https:\/\/api.w.org\/{rel}","templated":true}]}}