{"id":52627,"date":"2015-07-15T18:07:40","date_gmt":"2015-07-15T21:07:40","guid":{"rendered":"http:\/\/www.elsindical.com.ar\/notas\/?p=52627"},"modified":"2015-07-15T18:07:40","modified_gmt":"2015-07-15T21:07:40","slug":"catupecu-machu-en-la-plata","status":"publish","type":"post","link":"https:\/\/www.elsindical.com.ar\/notas\/catupecu-machu-en-la-plata\/","title":{"rendered":"Catupecu Machu en La Plata"},"content":{"rendered":"<div><em><span class=\"text_exposed_show\">CATUPECU MACHU presenta MADERA MICROCHIP<br \/>\n<\/span><\/em><span class=\"text_exposed_show\">El s\u00e1bado 29 de Agosto en El Teatro Bar, Sala Opera, Calle 43 nro. 632, entre 7 y 8. La Plata.\u00a0<\/span><\/div>\n<div><span class=\"text_exposed_show\">\u00a0<\/span><\/div>\n<div><span class=\"text_exposed_show\">Anticipadas con descuento en Jason (La Plata), La Estaka (Quilmes), Qeelback (Lomas y Quilmes), Locuras (Once y Flores) y por\u00a0<a title=\"Este enlace externo se abrir\u00e1 en una nueva ventana\" href=\"http:\/\/trk.pemsv09.net\/pl\/c?t=m6P1ez9JM3XhvgvGnwkdOp2g4xOYwVCXKMWL-Zy-yMLdfDbyjAxLzw%3D%3D\" target=\"_blank\" rel=\"nofollow nofollow\">TuEntrada.com<\/a><\/span><span class=\"text_exposed_show\"><span class=\"text_exposed_show\">\u00a0y sus puntos de venta.<\/span><\/p>\n<p><span class=\"text_exposed_show\"><img loading=\"lazy\" decoding=\"async\" src=\"http:\/\/img.pemsv09.net\/3102\/56\/_img\/11722244_10154079691084358_3618569440234196047_o.jpg\" alt=\"\" width=\"729\" height=\"269\" border=\"0\" \/><\/span><br \/>\n<\/span><\/div>\n<div><span class=\"text_exposed_show\"><br \/>\n<span class=\"text_exposed_show\"><span class=\"text_exposed_show\">Catupecu Machu presenta su \u00abMadera Microchip\u00bb, una propuesta sonara distinta, una fusi\u00f3n de estilos que encuentra lo cl\u00e1sico con la vanguardia. \u00a0<\/span><\/span><\/span><span class=\"text_exposed_show\"><span class=\"text_exposed_show\">Un espect\u00e1culo electroac\u00fastico que invita a descubrir los cl\u00e1sicos del grupo en un nuevo formato.<\/span><\/span><\/p>\n<p><em><span class=\"text_exposed_show\"><span class=\"text_exposed_show\">Catupecu Machu en la actualidad:<\/span><\/span><\/em><span class=\"text_exposed_show\"><br \/>\nEn 2014 Catupecu Machu cumpli\u00f3 20 a\u00f1os de trayectoria y para festejarlo se edit\u00f3 el Box Set \u00abEl Grito Despu\u00e9s &#8211; 20 a\u00f1os\u00bb, colecci\u00f3n que incluye un libro de fotos, 2 DVDs y 2 CDs. Tambi\u00e9n se realiz\u00f3 una muestra itinerante de fotos y objetos de la banda y se llev\u00f3 a cabo una extensa gira por Argentina y Latinoam\u00e9rica.<\/p>\n<p>En el 2015, los festejos contin\u00faan en versi\u00f3n Madera Microchip.<\/p>\n<p>Catupecu Machu, fiel a su estilo innovador, desarrolla este formato donde fusionan lo cl\u00e1sico con la vanguardia en un espect\u00e1culo que propone el recorrido por toda su discograf\u00eda.<\/p>\n<p><span class=\"text_exposed_show\">En Madera Microchip, la energ\u00eda y el pulso bailable, se fusionan con las nuevas posibilidades que ofrece la tecnolog\u00eda. Se mezclan las m\u00e1quinas con los instrumentos ac\u00fasticos.\u00a0<\/span><\/p>\n<p><span class=\"text_exposed_show\">Se da una particular fusi\u00f3n de madera (las guitarras espa\u00f1olas, el caj\u00f3n peruano) y microchips en forma de aplicaciones, resultando un show sofisticado y diferente.\u00a0<\/span><\/p>\n<p><span class=\"text_exposed_show\">Hay una propuesta conectada con el sonido (y la programaci\u00f3n), con ra\u00edces del flamenco, lo folkl\u00f3rico y el olor a madera. Aparecen tambi\u00e9n temas nuevos, algunos incluso sin editar.<\/span><\/p>\n<p><span class=\"text_exposed_show\">Madera Microchip es la celebraci\u00f3n perfecta de los 20 a\u00f1os de Catupecu Machu.<\/span><\/span><\/div>\n","protected":false},"excerpt":{"rendered":"<p>CATUPECU MACHU presenta MADERA MICROCHIP El s\u00e1bado 29 de Agosto en El Teatro Bar, Sala Opera, Calle 43 nro. 632, entre 7 y 8. La Plata.\u00a0 \u00a0 Anticipadas con descuento en Jason (La Plata), La Estaka (Quilmes), Qeelback (Lomas y Quilmes), Locuras (Once y Flores) y por\u00a0TuEntrada.com\u00a0y sus puntos de venta. Catupecu Machu presenta su&hellip;<\/p>\n","protected":false},"author":1,"featured_media":0,"comment_status":"open","ping_status":"open","sticky":false,"template":"","format":"standard","meta":{"footnotes":""},"categories":[15],"tags":[17168,239,684],"class_list":["post-52627","post","type-post","status-publish","format-standard","hentry","category-espectaculos","tag-catupecu-machu","tag-la-plata","tag-quilmes"],"_links":{"self":[{"href":"https:\/\/www.elsindical.com.ar\/notas\/wp-json\/wp\/v2\/posts\/52627","targetHints":{"allow":["GET"]}}],"collection":[{"href":"https:\/\/www.elsindical.com.ar\/notas\/wp-json\/wp\/v2\/posts"}],"about":[{"href":"https:\/\/www.elsindical.com.ar\/notas\/wp-json\/wp\/v2\/types\/post"}],"author":[{"embeddable":true,"href":"https:\/\/www.elsindical.com.ar\/notas\/wp-json\/wp\/v2\/users\/1"}],"replies":[{"embeddable":true,"href":"https:\/\/www.elsindical.com.ar\/notas\/wp-json\/wp\/v2\/comments?post=52627"}],"version-history":[{"count":1,"href":"https:\/\/www.elsindical.com.ar\/notas\/wp-json\/wp\/v2\/posts\/52627\/revisions"}],"predecessor-version":[{"id":52628,"href":"https:\/\/www.elsindical.com.ar\/notas\/wp-json\/wp\/v2\/posts\/52627\/revisions\/52628"}],"wp:attachment":[{"href":"https:\/\/www.elsindical.com.ar\/notas\/wp-json\/wp\/v2\/media?parent=52627"}],"wp:term":[{"taxonomy":"category","embeddable":true,"href":"https:\/\/www.elsindical.com.ar\/notas\/wp-json\/wp\/v2\/categories?post=52627"},{"taxonomy":"post_tag","embeddable":true,"href":"https:\/\/www.elsindical.com.ar\/notas\/wp-json\/wp\/v2\/tags?post=52627"}],"curies":[{"name":"wp","href":"https:\/\/api.w.org\/{rel}","templated":true}]}}