{"id":52559,"date":"2015-07-10T00:58:56","date_gmt":"2015-07-10T03:58:56","guid":{"rendered":"http:\/\/www.elsindical.com.ar\/notas\/?p=52559"},"modified":"2015-07-10T00:58:56","modified_gmt":"2015-07-10T03:58:56","slug":"san-fernando-violador-se-escapo-antes-de-que-comenzara-el-juicio","status":"publish","type":"post","link":"https:\/\/www.elsindical.com.ar\/notas\/san-fernando-violador-se-escapo-antes-de-que-comenzara-el-juicio\/","title":{"rendered":"San Fernando: Violador se escap\u00f3 antes de que comenzara el juicio"},"content":{"rendered":"<p><em><a href=\"http:\/\/www.elsindical.com.ar\/notas\/var\/www\/html\/notas\/wp-content\/uploads\/2010\/05\/violaci\u00f3n-joven.jpg\"><img loading=\"lazy\" decoding=\"async\" class=\"alignnone size-full wp-image-6447\" src=\"http:\/\/www.elsindical.com.ar\/notas\/var\/www\/html\/notas\/wp-content\/uploads\/2010\/05\/violaci\u00f3n-joven.jpg\" alt=\"violaci\u00f3n-joven\" width=\"255\" height=\"205\" \/><\/a>\u00a0El sujeto\u00a0acusado de haber abusado sexualmente\u00a0de una joven\u00a0de 19 a\u00f1os en la\u00a0localidad bonaerense de San Fernando, en el \u00faltimo tiempo, no se present\u00f3 al debate y ahora est\u00e1 siendo buscado intensamente.<\/em><\/p>\n<p>Un remisero que iba a comenzar a ser juzgado por el abuso sexual de una chica de 19 a\u00f1os en el partido bonaerense de San Fernando, en 2013, no concurri\u00f3 a la primera audiencia del debate y\u00a0era buscado intensamente por las autoridades.<\/p>\n<p><em>\u00abPara nosotros iba a ser como un corte, era empezar a sanar, estamos todos muy tristes\u00bb<\/em>, dijo hoy entre l\u00e1grimas<strong> Ana<\/strong>, madre de la joven abusada, quien agreg\u00f3 sentirse<em> \u00abingenua\u00bb<\/em> por pensar en que el acusado iba a presentarse a las audiencias.<\/p>\n<p>Seg\u00fan relat\u00f3 <strong>Andr\u00e9s Bonicalzi<\/strong>, abogado de la organizaci\u00f3n Ayuda a V\u00edctimas de Violaci\u00f3n (AVIVI) y representante de la v\u00edctima, el acusado, identificado como <strong>Norberto Daniel Fern\u00e1ndez<\/strong> (54), llegaba en libertad al debate y deb\u00eda presentarse ayer a las 9 ante el Tribunal Oral en lo Criminal (TOC) 2 de San Isidro.<\/p>\n<p><em>\u00abAyer no se present\u00f3 y al d\u00eda de hoy no sabemos d\u00f3nde est\u00e1\u00bb<\/em>, dijo Bonicalzi, en referencia a que a partir de su ausencia los jueces enviaron a la polic\u00eda al domicilio y a la remiser\u00eda en la que trabaja el acusado y no pudieron ubicarlo.<\/p>\n<p><em>\u00abEs vergonzoso, hace m\u00e1s de un a\u00f1o que est\u00e1 pedida la detenci\u00f3n de un tipo que se sabe que es el violador\u00bb<\/em>, agreg\u00f3 el letrado, ya que Fern\u00e1ndez permanec\u00eda libre por los recursos interpuestos por su defensa.<\/p>\n<p>Sobre este aspecto, el abogado de AVIVI explic\u00f3 que la defensora oficial del imputado present\u00f3 un recurso de<em> \u00abeximici\u00f3n de prisi\u00f3n\u00bb<\/em> una semana antes de que el fiscal a cargo del caso pidiera su detenci\u00f3n formalmente, en marzo del a\u00f1o pasado.<\/p>\n<p>A partir de entonces, y pese a que tanto el Juzgado de Garant\u00edas como luego la C\u00e1mara de Apelaciones y la C\u00e1mara de Casaci\u00f3n bonaerense se expidieron en forma negativa ante el pedido de eximici\u00f3n, Fern\u00e1ndez logr\u00f3 mantenerse en libertad hasta la llegada del juicio.<\/p>\n<p>Actualmente, el recurso presentado por la defensa est\u00e1 a disposici\u00f3n de la Suprema Corte de la provincia, que a\u00fan no resolvi\u00f3.<\/p>\n<p><em>\u00abEsto es un calvario. Fuimos muy ingenuos, pens\u00e9 que (el acusado) iba a estar y dije `este se va a presentar a ver si le dan menos a\u00f1os`\u00bb<\/em>, manifest\u00f3 hoy la madre de la v\u00edctima en referencia a su sorpresa porque Fern\u00e1ndez haya escapado.<\/p>\n<p>Ana relat\u00f3 que el caso por el que iba a ser juzgado Fern\u00e1ndez ocurri\u00f3 en la madrugada del 13 de julio de 2013, cuando su hija regresaba a su casa luego de cenar con amigas en el barrio porte\u00f1o de Palermo, baj\u00f3 del colectivo en San Fernando y ya se encontraba a tres cuadras de la casa.<\/p>\n<p><em>\u00abEl dolor que a m\u00ed me da es que siendo v\u00edctima durante estos dos a\u00f1os lo \u00fanico que hicimos es dar explicaciones\u00bb<\/em>, asegur\u00f3 la mujer, y record\u00f3 que luego de lo sucedido su hija incluso sinti\u00f3 que deb\u00eda justificarse:<em> \u00abMe dijo `estaba tan iluminado mam\u00e1, que dije hago cuatro cuadras r\u00e1pido y llego, por eso no te llam\u00e9, as\u00ed no te molestaba a las cuatro y media de la ma\u00f1ana`\u00bb<\/em>.<\/p>\n<p>La madre de la chica dijo que su hija caminaba hacia su casa cuando observ\u00f3 que <em>\u00abse para un auto en la esquina de la panader\u00eda del barrio, baja y pone las balizas\u00bb<\/em>, y que no sospech\u00f3 nada hasta que el hombre <em>\u00abla amenaza con un arma y la obliga a subir al auto\u00bb.<\/em><\/p>\n<p>Bonicalzi manifest\u00f3 hoy que luego de forzarla a subir al auto, el agresor le vend\u00f3 los ojos, la traslad\u00f3 hasta otro lugar cercano, la abus\u00f3 sexualmente durante<em> \u00abcuarenta minutos\u00bb<\/em>, luego le pregunt\u00f3 d\u00f3nde viv\u00eda y la dej\u00f3 cerca de su casa.<\/p>\n<p><em>\u00abEs tan perverso que la viste, la desviste y despu\u00e9s la deja en la esquina de su casa\u00bb<\/em>, dijo Ana, y a\u00f1adi\u00f3 que como sab\u00eda d\u00f3nde viv\u00eda, su hija estuvo <em>\u00abun mont\u00f3n de tiempo con miedo a que \u00e9l vuelva\u00bb.<\/em><\/p>\n<p>Luego de la denuncia de la joven, las autoridades analizaron las grabaciones de una c\u00e1mara de seguridad instalada en la zona del hecho, tomaron la patente del auto del presunto abusador y as\u00ed identificaron a Fern\u00e1ndez.<\/p>\n<p>La situaci\u00f3n procesal del ahora pr\u00f3fugo qued\u00f3 a\u00fan m\u00e1s complicada una vez que dio positivo el cotejo de su ADN con las muestras tomadas del cuerpo de la joven.<\/p>\n","protected":false},"excerpt":{"rendered":"<p>\u00a0El sujeto\u00a0acusado de haber abusado sexualmente\u00a0de una joven\u00a0de 19 a\u00f1os en la\u00a0localidad bonaerense de San Fernando, en el \u00faltimo tiempo, no se present\u00f3 al debate y ahora est\u00e1 siendo buscado intensamente. Un remisero que iba a comenzar a ser juzgado por el abuso sexual de una chica de 19 a\u00f1os en el partido bonaerense de&hellip;<\/p>\n","protected":false},"author":1,"featured_media":0,"comment_status":"open","ping_status":"open","sticky":false,"template":"","format":"standard","meta":{"footnotes":""},"categories":[20],"tags":[18430,647,516,1463,40,6975,539],"class_list":["post-52559","post","type-post","status-publish","format-standard","hentry","category-judiciales","tag-andres-bonicalzi","tag-avivi","tag-juicio-oral","tag-san-fernando","tag-san-isidro","tag-toc-2","tag-violador"],"_links":{"self":[{"href":"https:\/\/www.elsindical.com.ar\/notas\/wp-json\/wp\/v2\/posts\/52559","targetHints":{"allow":["GET"]}}],"collection":[{"href":"https:\/\/www.elsindical.com.ar\/notas\/wp-json\/wp\/v2\/posts"}],"about":[{"href":"https:\/\/www.elsindical.com.ar\/notas\/wp-json\/wp\/v2\/types\/post"}],"author":[{"embeddable":true,"href":"https:\/\/www.elsindical.com.ar\/notas\/wp-json\/wp\/v2\/users\/1"}],"replies":[{"embeddable":true,"href":"https:\/\/www.elsindical.com.ar\/notas\/wp-json\/wp\/v2\/comments?post=52559"}],"version-history":[{"count":1,"href":"https:\/\/www.elsindical.com.ar\/notas\/wp-json\/wp\/v2\/posts\/52559\/revisions"}],"predecessor-version":[{"id":52560,"href":"https:\/\/www.elsindical.com.ar\/notas\/wp-json\/wp\/v2\/posts\/52559\/revisions\/52560"}],"wp:attachment":[{"href":"https:\/\/www.elsindical.com.ar\/notas\/wp-json\/wp\/v2\/media?parent=52559"}],"wp:term":[{"taxonomy":"category","embeddable":true,"href":"https:\/\/www.elsindical.com.ar\/notas\/wp-json\/wp\/v2\/categories?post=52559"},{"taxonomy":"post_tag","embeddable":true,"href":"https:\/\/www.elsindical.com.ar\/notas\/wp-json\/wp\/v2\/tags?post=52559"}],"curies":[{"name":"wp","href":"https:\/\/api.w.org\/{rel}","templated":true}]}}