{"id":52437,"date":"2015-07-04T16:53:15","date_gmt":"2015-07-04T19:53:15","guid":{"rendered":"http:\/\/www.elsindical.com.ar\/notas\/?p=52437"},"modified":"2015-07-04T16:53:15","modified_gmt":"2015-07-04T19:53:15","slug":"damian-paz-reclama-la-defensoria-del-pueblo","status":"publish","type":"post","link":"https:\/\/www.elsindical.com.ar\/notas\/damian-paz-reclama-la-defensoria-del-pueblo\/","title":{"rendered":"Dami\u00e1n Paz reclama la Defensor\u00eda del Pueblo"},"content":{"rendered":"<p><a href=\"http:\/\/www.elsindical.com.ar\/notas\/var\/www\/html\/notas\/wp-content\/uploads\/2015\/07\/Concejal-Dami\u00e1n-Paz.jpg\"><img loading=\"lazy\" decoding=\"async\" class=\"alignnone size-medium wp-image-52438\" src=\"http:\/\/www.elsindical.com.ar\/notas\/var\/www\/html\/notas\/wp-content\/uploads\/2015\/07\/Concejal-Dami\u00e1n-Paz-300x186.jpg\" alt=\"Concejal-Dami\u00e1n-Paz\" width=\"300\" height=\"186\" srcset=\"https:\/\/www.elsindical.com.ar\/notas\/var\/www\/html\/notas\/wp-content\/uploads\/2015\/07\/Concejal-Dami\u00e1n-Paz-300x186.jpg 300w, https:\/\/www.elsindical.com.ar\/notas\/var\/www\/html\/notas\/wp-content\/uploads\/2015\/07\/Concejal-Dami\u00e1n-Paz-483x300.jpg 483w, https:\/\/www.elsindical.com.ar\/notas\/var\/www\/html\/notas\/wp-content\/uploads\/2015\/07\/Concejal-Dami\u00e1n-Paz.jpg 531w\" sizes=\"auto, (max-width: 300px) 100vw, 300px\" \/><\/a><em>El concejal por el GEN, en el HCD de Avellaneda Dami\u00e1n Paz, por estas horas se encuentra reclamando se cumpla la promesa del intendente Jorge Ferraresi de ser el pr\u00f3ximo Defensor del Pueblo de Avellaneda, de esta manera ser\u00eda el sucesor del impresentable Sebasti\u00e1n Vinagre, un abogado mediocre que prioriz\u00f3 su actividad y cuidar a sus clientes por sobre los intereses de los vecinos.<\/em><\/p>\n<p>El acuerdo pol\u00edtico que hasta ahora se hab\u00eda mantenido en silencio por unos pocos, ahora es tema de conversaci\u00f3n y especulaciones entre los pol\u00edticos locales, Paz habr\u00eda \u00abnegociado\u00bb su voto para remover a Silvia Luna como secretaria del HCD, para facilitar el arribo del ingeniero S\u00edcari, un empleado que no ha parado de generar roces y conflictos en el funcionamiento del HCD, con muchas propuestas e ideas, luego se fue desvirtuando su funci\u00f3n y hasta asumi\u00f3 decisiones que no le corresponden, olvidando que \u00e9l es un empleado del HCD y no un pol\u00edtico elegido por voluntad popular.<\/p>\n<p>En el oficialismo hay preocupaci\u00f3n por la salida de S\u00edcari del HCD, ya que temen quien lo reemplace descubra muchas irregularidades que aseguran no ser\u00eda raro terminen en alguna investigaci\u00f3n judicial, pero muchos de los concejales prefieren guardar silencio y no perder algunas de las \u00abregal\u00edas\u00bb que llegan desde la presidencia misma del HCD que encabeza Hugo Barrueco.<\/p>\n<p>De concretarse este acuerdo pol\u00edtico, los vecinos cambiar\u00edamos a un in\u00fatil sin vuelo propio por un ambicioso que ha demostrado en m\u00e1s de una oportunidad priorizar a los comerciantes y empresarios que al vecino com\u00fan, con lo cual la Defensor\u00eda del Pueblo seguir\u00eda siendo una mentira respecto a la protecci\u00f3n de los derechos de los vecinos al haber una colisi\u00f3n de intereses. Tampoco se sabe si en caso de concretarse Paz seguir\u00eda sosteniendo la estructura corrupta que hoy tiene la defensor\u00eda con un importante n\u00famero de empleados que nadie sabe que funciones cumplen, d\u00f3nde, qu\u00e9 horario y cu\u00e1nto cobran por mes, seg\u00fan Vinagre todo esto es manejado por el intendente y Monz\u00f3n, subsecretario de gobierno y responsable del personal municipal.<\/p>\n<p>&nbsp;<\/p>\n","protected":false},"excerpt":{"rendered":"<p>El concejal por el GEN, en el HCD de Avellaneda Dami\u00e1n Paz, por estas horas se encuentra reclamando se cumpla la promesa del intendente Jorge Ferraresi de ser el pr\u00f3ximo Defensor del Pueblo de Avellaneda, de esta manera ser\u00eda el sucesor del impresentable Sebasti\u00e1n Vinagre, un abogado mediocre que prioriz\u00f3 su actividad y cuidar a&hellip;<\/p>\n","protected":false},"author":1,"featured_media":0,"comment_status":"open","ping_status":"open","sticky":false,"template":"","format":"standard","meta":{"footnotes":""},"categories":[13],"tags":[461,18028,5824,16587,17603,459,3107],"class_list":["post-52437","post","type-post","status-publish","format-standard","hentry","category-politica","tag-avellaneda","tag-damian-paz","tag-defensoria-del-pueblo","tag-hcd","tag-hugo-barrueco","tag-sebastian-vinagre","tag-silvia-luna"],"_links":{"self":[{"href":"https:\/\/www.elsindical.com.ar\/notas\/wp-json\/wp\/v2\/posts\/52437","targetHints":{"allow":["GET"]}}],"collection":[{"href":"https:\/\/www.elsindical.com.ar\/notas\/wp-json\/wp\/v2\/posts"}],"about":[{"href":"https:\/\/www.elsindical.com.ar\/notas\/wp-json\/wp\/v2\/types\/post"}],"author":[{"embeddable":true,"href":"https:\/\/www.elsindical.com.ar\/notas\/wp-json\/wp\/v2\/users\/1"}],"replies":[{"embeddable":true,"href":"https:\/\/www.elsindical.com.ar\/notas\/wp-json\/wp\/v2\/comments?post=52437"}],"version-history":[{"count":1,"href":"https:\/\/www.elsindical.com.ar\/notas\/wp-json\/wp\/v2\/posts\/52437\/revisions"}],"predecessor-version":[{"id":52439,"href":"https:\/\/www.elsindical.com.ar\/notas\/wp-json\/wp\/v2\/posts\/52437\/revisions\/52439"}],"wp:attachment":[{"href":"https:\/\/www.elsindical.com.ar\/notas\/wp-json\/wp\/v2\/media?parent=52437"}],"wp:term":[{"taxonomy":"category","embeddable":true,"href":"https:\/\/www.elsindical.com.ar\/notas\/wp-json\/wp\/v2\/categories?post=52437"},{"taxonomy":"post_tag","embeddable":true,"href":"https:\/\/www.elsindical.com.ar\/notas\/wp-json\/wp\/v2\/tags?post=52437"}],"curies":[{"name":"wp","href":"https:\/\/api.w.org\/{rel}","templated":true}]}}