{"id":52384,"date":"2015-07-02T23:38:08","date_gmt":"2015-07-03T02:38:08","guid":{"rendered":"http:\/\/www.elsindical.com.ar\/notas\/?p=52384"},"modified":"2015-07-02T23:38:08","modified_gmt":"2015-07-03T02:38:08","slug":"sergio-massa-y-la-junta-partidaria-seriamente-cuestionada","status":"publish","type":"post","link":"https:\/\/www.elsindical.com.ar\/notas\/sergio-massa-y-la-junta-partidaria-seriamente-cuestionada\/","title":{"rendered":"Sergio Massa y la junta partidaria seriamente cuestionada"},"content":{"rendered":"<p><em><a href=\"http:\/\/www.elsindical.com.ar\/notas\/var\/www\/html\/notas\/wp-content\/uploads\/2015\/07\/Diputado-Marcelo-Dalesandro.jpg\"><img loading=\"lazy\" decoding=\"async\" class=\"alignnone size-medium wp-image-52385\" src=\"http:\/\/www.elsindical.com.ar\/notas\/var\/www\/html\/notas\/wp-content\/uploads\/2015\/07\/Diputado-Marcelo-Dalesandro-300x150.jpg\" alt=\"Diputado-Marcelo-D'alesandro\" width=\"300\" height=\"150\" srcset=\"https:\/\/www.elsindical.com.ar\/notas\/var\/www\/html\/notas\/wp-content\/uploads\/2015\/07\/Diputado-Marcelo-Dalesandro-300x150.jpg 300w, https:\/\/www.elsindical.com.ar\/notas\/var\/www\/html\/notas\/wp-content\/uploads\/2015\/07\/Diputado-Marcelo-Dalesandro-500x250.jpg 500w, https:\/\/www.elsindical.com.ar\/notas\/var\/www\/html\/notas\/wp-content\/uploads\/2015\/07\/Diputado-Marcelo-Dalesandro.jpg 502w\" sizes=\"auto, (max-width: 300px) 100vw, 300px\" \/><\/a>Lan\u00fas sintetiza lo que esta pasando en varios lugares de la Provincia de Buenos Aires con los cuestionamiento muy graves que le adjudican a la junta partidaria del Frente Renovador que es presidida por el Diputado Marcelo D&#8217;alesandro de Lan\u00fas y sobrino de la Jueza Servini de Cubria, ya en este distrito la concejal del FR Noelia Quindimil dejo el espacio de Sergio Massa indignada por <span class=\"text_exposed_show\">la discriminaci\u00f3n y la falta de democracia interna por no permitir su participaci\u00f3n como candidata a Intendente, argumentando, \u00abcomo es posible que en otros distritos existan hasta cinco listas y en Lan\u00fas no la dejen participar habiendo solo una\u00bb.<\/span><\/em><\/p>\n<p><span class=\"text_exposed_show\">En los pr\u00f3ximos d\u00edas otro concejal se ir\u00eda de este espacio, Alberto Torres por las mismas razones, estas sangr\u00edas se producir\u00e1n inexorablemente si la junta del frente renovador que fue seriamente cuestionada en la junta electoral provincial de la ciudad de La Plata por la lista que encabeza como candidato a Intendente el concejal Gabriel Di Masi que reporta a Jes\u00fas Cariglino, quien esta agotando la v\u00eda administrativa partidaria quien hasta ahora no ha tenido respuesta de este organo partidario que ya es una instancia agotada.<\/p>\n<p>Ahora la lista de Gabriel Di Masi ha presentado ante la junta electoral provincial los recursos y subsanando el error que esta ligado a un tema de avales y que esta encuadrado dentro del Reglamento Electoral en su Art\u00edculo 13, este simple tr\u00e1mite se vio complicado ya que a \u00faltimas horas de la tarde del 2 de julio la junta electoral del Frente Renovador que tiene como pre candidato presidencial a Sergio Massa agreg\u00f3 fuera de t\u00e9rmino a las observaciones de la lista de Di Masi dos art\u00edculos el 5 y 6 de la ley 14086 de elecciones primarias y el art\u00edculo 9 del Reglamento electoral y la m\u00e1s ins\u00f3lita LISTA INCOMPLETA.<\/p>\n<p>A\u00fan en el l\u00edmite de los plazo legales, seg\u00fan fuentes del entorno\u00a0Di Masi esta evaluando el pedido de que la junta partidaria del FR sea intervenida por discriminaci\u00f3n y proscripci\u00f3n.<\/span><\/p>\n<div class=\"text_exposed_show\">\n<p>Lan\u00fas se transformo en el padem\u00f3nium que es el frente renovador y el \u00fanico beneficiado por este entuerto es Nicolas Russo que quedar\u00eda como \u00fanico candidato a Intendente de Sergio Massa quien de acuerdo a altas fuente tribunalicias este candidato sera llevado a juicio oral por la muerte de un barra brava en las pr\u00f3ximas semanas.<\/p>\n<p>En esta web est\u00e1n casi todos los discriminados y proscriptos del FR que hoy es \u00abUnidos por una Nueva Alternativa\u00bb <a href=\"http:\/\/l.facebook.com\/l.php?u=http%3A%2F%2Fwww.unidosporunanuevaalternativa.org%2F&amp;h=SAQECwQI0&amp;enc=AZPI7QH-qDdVdoRinzimxyaDd9FscoeyVA9yd7X3bGP5WgzEtZQsZ5rn8-EqEFGKA2qQ-GDfLOgH1xq1_hgLI-Wb4pK7KyLlI4G8GJBtnZkkLLz7D2s0OsMzg5O3t7C-63NFm9E976ZWHpGQ1atbple6p2k46wcEPbIcDS-hWBVZt6Cdhhmdoj7LICFyQZ9zbJA&amp;s=1\" target=\"_blank\" rel=\"nofollow\">http:\/\/www.unidosporunanuevaalternativa.org\/<\/a> quienes en las redes sociales fustigan duramente a la junta electoral y a Sergio Massa.<\/p>\n<\/div>\n","protected":false},"excerpt":{"rendered":"<p>Lan\u00fas sintetiza lo que esta pasando en varios lugares de la Provincia de Buenos Aires con los cuestionamiento muy graves que le adjudican a la junta partidaria del Frente Renovador que es presidida por el Diputado Marcelo D&#8217;alesandro de Lan\u00fas y sobrino de la Jueza Servini de Cubria, ya en este distrito la concejal del&hellip;<\/p>\n","protected":false},"author":1,"featured_media":0,"comment_status":"open","ping_status":"open","sticky":false,"template":"","format":"standard","meta":{"footnotes":""},"categories":[13],"tags":[21003,12642,7625,21719,3918],"class_list":["post-52384","post","type-post","status-publish","format-standard","hentry","category-politica","tag-gabriel-di-masi","tag-jesus-cariglino","tag-junta-electoral","tag-junta-partidaria","tag-sergio-massa"],"_links":{"self":[{"href":"https:\/\/www.elsindical.com.ar\/notas\/wp-json\/wp\/v2\/posts\/52384","targetHints":{"allow":["GET"]}}],"collection":[{"href":"https:\/\/www.elsindical.com.ar\/notas\/wp-json\/wp\/v2\/posts"}],"about":[{"href":"https:\/\/www.elsindical.com.ar\/notas\/wp-json\/wp\/v2\/types\/post"}],"author":[{"embeddable":true,"href":"https:\/\/www.elsindical.com.ar\/notas\/wp-json\/wp\/v2\/users\/1"}],"replies":[{"embeddable":true,"href":"https:\/\/www.elsindical.com.ar\/notas\/wp-json\/wp\/v2\/comments?post=52384"}],"version-history":[{"count":1,"href":"https:\/\/www.elsindical.com.ar\/notas\/wp-json\/wp\/v2\/posts\/52384\/revisions"}],"predecessor-version":[{"id":52386,"href":"https:\/\/www.elsindical.com.ar\/notas\/wp-json\/wp\/v2\/posts\/52384\/revisions\/52386"}],"wp:attachment":[{"href":"https:\/\/www.elsindical.com.ar\/notas\/wp-json\/wp\/v2\/media?parent=52384"}],"wp:term":[{"taxonomy":"category","embeddable":true,"href":"https:\/\/www.elsindical.com.ar\/notas\/wp-json\/wp\/v2\/categories?post=52384"},{"taxonomy":"post_tag","embeddable":true,"href":"https:\/\/www.elsindical.com.ar\/notas\/wp-json\/wp\/v2\/tags?post=52384"}],"curies":[{"name":"wp","href":"https:\/\/api.w.org\/{rel}","templated":true}]}}