{"id":52381,"date":"2015-07-02T15:16:04","date_gmt":"2015-07-02T18:16:04","guid":{"rendered":"http:\/\/www.elsindical.com.ar\/notas\/?p=52381"},"modified":"2015-07-02T15:16:04","modified_gmt":"2015-07-02T18:16:04","slug":"la-plata-rescato-un-lobo-marino-y-lo-llevo-al-zoo-en-remis","status":"publish","type":"post","link":"https:\/\/www.elsindical.com.ar\/notas\/la-plata-rescato-un-lobo-marino-y-lo-llevo-al-zoo-en-remis\/","title":{"rendered":"La Plata: Rescat\u00f3 un lobo marino y lo llevo al zoo en remis"},"content":{"rendered":"<p class=\"bajada\"><em><a href=\"http:\/\/www.elsindical.com.ar\/notas\/var\/www\/html\/notas\/wp-content\/uploads\/2015\/07\/lobo-marino-rescatado.jpg\"><img loading=\"lazy\" decoding=\"async\" class=\"alignnone size-medium wp-image-52382\" src=\"http:\/\/www.elsindical.com.ar\/notas\/var\/www\/html\/notas\/wp-content\/uploads\/2015\/07\/lobo-marino-rescatado-300x164.jpg\" alt=\"lobo-marino-rescatado\" width=\"300\" height=\"164\" srcset=\"https:\/\/www.elsindical.com.ar\/notas\/var\/www\/html\/notas\/wp-content\/uploads\/2015\/07\/lobo-marino-rescatado-300x164.jpg 300w, https:\/\/www.elsindical.com.ar\/notas\/var\/www\/html\/notas\/wp-content\/uploads\/2015\/07\/lobo-marino-rescatado-500x273.jpg 500w, https:\/\/www.elsindical.com.ar\/notas\/var\/www\/html\/notas\/wp-content\/uploads\/2015\/07\/lobo-marino-rescatado.jpg 620w\" sizes=\"auto, (max-width: 300px) 100vw, 300px\" \/><\/a>El animal fue rescatado por pescadores en el R\u00edo de la Plata y un joven remisero lo traslad\u00f3 en el ba\u00fal de su coche.<\/em><\/p>\n<p id=\"pcontnota\">El trabajador Eduardo Villarreal, de 28 a\u00f1os, rescat\u00f3 al peque\u00f1o mam\u00edfero marino de un h\u00e1bitat poco habitual como las costas del r\u00edo y lo traslad\u00f3 en el ba\u00fal de su auto hasta el zool\u00f3gico de la capital platense donde ser\u00e1 evaluado y devuelto a\u00a0su medio, informaron oficialmente.<\/p>\n<p>El animal, con evidentes signos de nerviosismo, fue visto por vecinos del lugar, que de inmediato se contactaron con personal de Prefectura Naval y con guardaparques de la Reserva Ecol\u00f3gica de Punta Lara, quienes sin \u00e9xito se propusieron rescatar al animal, y solo lograron dirigirlo aguas adentro.<\/p>\n<p>Ante una nueva aparici\u00f3n en el lugar, en la jornada de ayer y con la ayuda de los pescadores, el joven remisero opt\u00f3 por arriesgarse y concretar el rescate: r\u00e1pidamente lo carg\u00f3 en el ba\u00fal del auto y lo traslado al zool\u00f3gico de la capital provincial.<\/p>\n<p>Las autoridades del zool\u00f3gico platense informaron que ayer en horas de la tarde recibieron el ejemplar de lobo marino y luego de las evaluaciones correspondientes ser\u00e1 devuelto a su h\u00e1bitat natural.<\/p>\n","protected":false},"excerpt":{"rendered":"<p>El animal fue rescatado por pescadores en el R\u00edo de la Plata y un joven remisero lo traslad\u00f3 en el ba\u00fal de su coche. El trabajador Eduardo Villarreal, de 28 a\u00f1os, rescat\u00f3 al peque\u00f1o mam\u00edfero marino de un h\u00e1bitat poco habitual como las costas del r\u00edo y lo traslad\u00f3 en el ba\u00fal de su auto&hellip;<\/p>\n","protected":false},"author":1,"featured_media":0,"comment_status":"open","ping_status":"open","sticky":false,"template":"","format":"standard","meta":{"footnotes":""},"categories":[25],"tags":[],"class_list":["post-52381","post","type-post","status-publish","format-standard","hentry","category-sociedad"],"_links":{"self":[{"href":"https:\/\/www.elsindical.com.ar\/notas\/wp-json\/wp\/v2\/posts\/52381","targetHints":{"allow":["GET"]}}],"collection":[{"href":"https:\/\/www.elsindical.com.ar\/notas\/wp-json\/wp\/v2\/posts"}],"about":[{"href":"https:\/\/www.elsindical.com.ar\/notas\/wp-json\/wp\/v2\/types\/post"}],"author":[{"embeddable":true,"href":"https:\/\/www.elsindical.com.ar\/notas\/wp-json\/wp\/v2\/users\/1"}],"replies":[{"embeddable":true,"href":"https:\/\/www.elsindical.com.ar\/notas\/wp-json\/wp\/v2\/comments?post=52381"}],"version-history":[{"count":1,"href":"https:\/\/www.elsindical.com.ar\/notas\/wp-json\/wp\/v2\/posts\/52381\/revisions"}],"predecessor-version":[{"id":52383,"href":"https:\/\/www.elsindical.com.ar\/notas\/wp-json\/wp\/v2\/posts\/52381\/revisions\/52383"}],"wp:attachment":[{"href":"https:\/\/www.elsindical.com.ar\/notas\/wp-json\/wp\/v2\/media?parent=52381"}],"wp:term":[{"taxonomy":"category","embeddable":true,"href":"https:\/\/www.elsindical.com.ar\/notas\/wp-json\/wp\/v2\/categories?post=52381"},{"taxonomy":"post_tag","embeddable":true,"href":"https:\/\/www.elsindical.com.ar\/notas\/wp-json\/wp\/v2\/tags?post=52381"}],"curies":[{"name":"wp","href":"https:\/\/api.w.org\/{rel}","templated":true}]}}