{"id":52300,"date":"2015-06-29T15:01:27","date_gmt":"2015-06-29T18:01:27","guid":{"rendered":"http:\/\/www.elsindical.com.ar\/notas\/?p=52300"},"modified":"2015-06-29T15:01:27","modified_gmt":"2015-06-29T18:01:27","slug":"presentacion-de-campana-del-frente-popular-en-avellaneda","status":"publish","type":"post","link":"https:\/\/www.elsindical.com.ar\/notas\/presentacion-de-campana-del-frente-popular-en-avellaneda\/","title":{"rendered":"Presentaci\u00f3n de Campa\u00f1a del Frente Popular en Avellaneda"},"content":{"rendered":"<p><em><a href=\"http:\/\/www.elsindical.com.ar\/notas\/var\/www\/html\/notas\/wp-content\/uploads\/2015\/06\/Aguirre-De-Gennaro-Barrios-Frente-Popular.jpg\"><img loading=\"lazy\" decoding=\"async\" class=\"alignnone size-medium wp-image-52301\" src=\"http:\/\/www.elsindical.com.ar\/notas\/var\/www\/html\/notas\/wp-content\/uploads\/2015\/06\/Aguirre-De-Gennaro-Barrios-Frente-Popular-300x225.jpg\" alt=\"Aguirre,-De-Gennaro,-Barrios---Frente-Popular\" width=\"300\" height=\"225\" srcset=\"https:\/\/www.elsindical.com.ar\/notas\/var\/www\/html\/notas\/wp-content\/uploads\/2015\/06\/Aguirre-De-Gennaro-Barrios-Frente-Popular-300x225.jpg 300w, https:\/\/www.elsindical.com.ar\/notas\/var\/www\/html\/notas\/wp-content\/uploads\/2015\/06\/Aguirre-De-Gennaro-Barrios-Frente-Popular-401x300.jpg 401w, https:\/\/www.elsindical.com.ar\/notas\/var\/www\/html\/notas\/wp-content\/uploads\/2015\/06\/Aguirre-De-Gennaro-Barrios-Frente-Popular.jpg 620w\" sizes=\"auto, (max-width: 300px) 100vw, 300px\" \/><\/a>Desde la Secretar\u00eda de Comunicaci\u00f3n de la Cooperativa UST les informamos que el pr\u00f3ximo martes 30 de Junio se realizar\u00e1 la jornada de presentaci\u00f3n de la lista de precandidatos del Frente Popular\u00a0\u00a0<a href=\"http:\/\/frentepopular.org.ar\/\">http:\/\/frentepopular.org.ar\/<\/a>\u00a0en\u00a0Avellaneda.<\/em><\/p>\n<p>Destac\u00e1ndose la postulaci\u00f3n de\u00a0<strong>Mario Barrios<\/strong>\u00a0(socio fundador de la Cooperativa UST) para el cargo de Intendente de Avellaneda;\u00a0<strong>Adolfo \u201cFito\u201d Aguirre,\u00a0<\/strong>precandidato a Gobernador de la Provincia de Buenos Aires y\u00a0<strong>V\u00edctor De Gennaro,\u00a0<\/strong>precandidato para la Presidencia de la Naci\u00f3n.<\/p>\n<p><strong>Los invitamos a participar y a tomar contacto con los precandidatos como para que ellos puedan contarles las propuestas electorales que tiene el Frente Popular para los vecinos de Avellaneda, con vistas a las P.A.S.0.<\/strong><\/p>\n<p>Cronograma de actividades que se realizar\u00e1n a lo largo de la jornada del martes 30\/6:<\/p>\n<ul>\n<li>10 Hs recorrida por las escuelas de la zona<\/li>\n<li>12 Hs. Almuerzo con los trabajadores de la Cooperativa UST (Ortega y San Vicente, Villa Dom\u00ednico)<\/li>\n<li><strong> 14 Hs. Visita a medios de comunicaciones locales.<\/strong><\/li>\n<li>15 Hs. Recorrido por las instalaciones del Hospital de Wilde.<\/li>\n<li>16 Hs. Mateada con vecinos en el barrio \u201cLas casitas\u201d.<\/li>\n<li><strong> 17 Hs. ACTO CENTRAL EN LA PLAZOLETA DE LA CALLE LAS FLORES Y GUAMINI (Wilde Este).<\/strong><\/li>\n<\/ul>\n<p>l\u00a0\u202a#\u200eFrentePopular trabaja por un pa\u00eds diferente: La Argentina que merecemos los trabajadores.<\/p>\n<p><strong>A diferencia \u00a0de muchos otros candidatos, ellos tienen para ofrecer propuestas reales y son referentes portadores de una trayectoria intachable de lucha y compromiso consecuente con las causas populares.<\/strong><\/p>\n<p>El\u00a0\u202a#\u200eFrentePopular lucha, codo a codo, sin parar en el camino de recobrar la justicia social y la soberan\u00eda nacional para fortalecer la unidad popular.<\/p>\n<p>Contactos para coordinar entrevistas:\u00a0<a href=\"https:\/\/afrodita.astranetwork.net:2096\/cpsess2050433382\/3rdparty\/squirrelmail\/src\/compose.php?send_to=cooperativaust@gmail.com\">cooperativaust@gmail.com<\/a>\u00a0<a href=\"https:\/\/afrodita.astranetwork.net:2096\/cpsess2050433382\/3rdparty\/squirrelmail\/src\/compose.php?send_to=ustcomunica@gmail.com\">ustcomunica@gmail.com<\/a><\/p>\n<p>Oficina Cooperativa \u00a0UST: 4217-5068<\/p>\n<p>Maxi Rodr\u00edguez: 011 3481-8185.<\/p>\n<p>Saludos<\/p>\n<p>Secretar\u00eda de Comunicaci\u00f3n Cooperativa UST.<\/p>\n","protected":false},"excerpt":{"rendered":"<p>Desde la Secretar\u00eda de Comunicaci\u00f3n de la Cooperativa UST les informamos que el pr\u00f3ximo martes 30 de Junio se realizar\u00e1 la jornada de presentaci\u00f3n de la lista de precandidatos del Frente Popular\u00a0\u00a0http:\/\/frentepopular.org.ar\/\u00a0en\u00a0Avellaneda. Destac\u00e1ndose la postulaci\u00f3n de\u00a0Mario Barrios\u00a0(socio fundador de la Cooperativa UST) para el cargo de Intendente de Avellaneda;\u00a0Adolfo \u201cFito\u201d Aguirre,\u00a0precandidato a Gobernador de la&hellip;<\/p>\n","protected":false},"author":1,"featured_media":0,"comment_status":"open","ping_status":"open","sticky":false,"template":"","format":"standard","meta":{"footnotes":""},"categories":[13],"tags":[21697,461,21695,20015,21696],"class_list":["post-52300","post","type-post","status-publish","format-standard","hentry","category-politica","tag-adolfo-fito-aguirre","tag-avellaneda","tag-mario-barrios","tag-ust","tag-victor-de-gennaro"],"_links":{"self":[{"href":"https:\/\/www.elsindical.com.ar\/notas\/wp-json\/wp\/v2\/posts\/52300","targetHints":{"allow":["GET"]}}],"collection":[{"href":"https:\/\/www.elsindical.com.ar\/notas\/wp-json\/wp\/v2\/posts"}],"about":[{"href":"https:\/\/www.elsindical.com.ar\/notas\/wp-json\/wp\/v2\/types\/post"}],"author":[{"embeddable":true,"href":"https:\/\/www.elsindical.com.ar\/notas\/wp-json\/wp\/v2\/users\/1"}],"replies":[{"embeddable":true,"href":"https:\/\/www.elsindical.com.ar\/notas\/wp-json\/wp\/v2\/comments?post=52300"}],"version-history":[{"count":1,"href":"https:\/\/www.elsindical.com.ar\/notas\/wp-json\/wp\/v2\/posts\/52300\/revisions"}],"predecessor-version":[{"id":52303,"href":"https:\/\/www.elsindical.com.ar\/notas\/wp-json\/wp\/v2\/posts\/52300\/revisions\/52303"}],"wp:attachment":[{"href":"https:\/\/www.elsindical.com.ar\/notas\/wp-json\/wp\/v2\/media?parent=52300"}],"wp:term":[{"taxonomy":"category","embeddable":true,"href":"https:\/\/www.elsindical.com.ar\/notas\/wp-json\/wp\/v2\/categories?post=52300"},{"taxonomy":"post_tag","embeddable":true,"href":"https:\/\/www.elsindical.com.ar\/notas\/wp-json\/wp\/v2\/tags?post=52300"}],"curies":[{"name":"wp","href":"https:\/\/api.w.org\/{rel}","templated":true}]}}