{"id":52266,"date":"2015-06-28T00:41:24","date_gmt":"2015-06-28T03:41:24","guid":{"rendered":"http:\/\/www.elsindical.com.ar\/notas\/?p=52266"},"modified":"2015-06-28T00:41:24","modified_gmt":"2015-06-28T03:41:24","slug":"lanus-barrabrava-de-river-torturaba-a-jubilados","status":"publish","type":"post","link":"https:\/\/www.elsindical.com.ar\/notas\/lanus-barrabrava-de-river-torturaba-a-jubilados\/","title":{"rendered":"Lan\u00fas: Barrabrava de River torturaba a jubilados"},"content":{"rendered":"<p><em><a href=\"http:\/\/www.elsindical.com.ar\/notas\/var\/www\/html\/notas\/wp-content\/uploads\/2015\/06\/Osky-detenido.jpg\"><img loading=\"lazy\" decoding=\"async\" class=\"alignnone size-medium wp-image-52267\" src=\"http:\/\/www.elsindical.com.ar\/notas\/var\/www\/html\/notas\/wp-content\/uploads\/2015\/06\/Osky-detenido-268x300.jpg\" alt=\"Osky-detenido\" width=\"268\" height=\"300\" srcset=\"https:\/\/www.elsindical.com.ar\/notas\/var\/www\/html\/notas\/wp-content\/uploads\/2015\/06\/Osky-detenido-268x300.jpg 268w, https:\/\/www.elsindical.com.ar\/notas\/var\/www\/html\/notas\/wp-content\/uploads\/2015\/06\/Osky-detenido.jpg 502w\" sizes=\"auto, (max-width: 268px) 100vw, 268px\" \/><\/a>Los servidores p\u00fablicos detuvieron al individuo, de 22 a\u00f1os, en la localidad bonaerense de Lan\u00fas. Se estima que el sujeto integraba una gavilla dedicada a desvalijar a personas de la tercera edad. Las v\u00edctimas eran sometidas a tremendas golpizas.<\/em><\/p>\n<p>Como saldo de un procedimiento, un barrabrava del club River Plate fue detenido por los pesquisas policiales, en la localidad bonaerense de Lan\u00fas, al estar sospechado de integrar una banda dedicada a asaltar a jubilados, quienes eran agredidos y torturados golpes, para que confesaran en qu\u00e9 lugar de sus viviendas guardaban sus objetos de valor. A su vez, el delincuente frecuentaba a hinchas del club El Porvenir.<\/p>\n<p>Los voceros revelaron que el individuo, de 22 a\u00f1os y conocido con el apodo de El Osky, result\u00f3 apresado por los investigadores de la comisar\u00eda 1a de Lan\u00fas tras un procedimiento realizado en Canad\u00e1 al 1.700.<\/p>\n<p>Trascendi\u00f3 que el sujeto era buscado a ra\u00edz de un suceso que se registr\u00f3 en marzo pasado cuando ingres\u00f3 por la fuerza a una vivienda, instalada en esa misma zona, en el sur del conurbano provincial, oportunidad en la que redujo a la moradora lugar, que result\u00f3 ser una jubilada, de 87 a\u00f1os. El malviviente, que entr\u00f3 a dicha casa por una puerta trasera, no dud\u00f3 en torturar a golpes a la mujer, para que le se\u00f1alara en qu\u00e9 lugar del inmueble ten\u00eda sus elementos de valor. El ladr\u00f3n huy\u00f3 luego de apoderarse de diversas pertenencias de la se\u00f1ora.<\/p>\n<p>Debido al tremendo castigo, la octogenaria tuvo que ser internada de urgencia en una cl\u00ednica.<br \/>\nEstas diligencias investigativas estuvieron supervisadas por las autoridades policiales de la Jefatura Departamental de Lan\u00fas.<\/p>\n<p>Intervino en la causa el doctor <strong>Juan Jos\u00e9 Vaello<\/strong>, Fiscal de la Unidad Funcional N\u00b0 5 del departamento judicial de Lomas de Zamora.<\/p>\n","protected":false},"excerpt":{"rendered":"<p>Los servidores p\u00fablicos detuvieron al individuo, de 22 a\u00f1os, en la localidad bonaerense de Lan\u00fas. Se estima que el sujeto integraba una gavilla dedicada a desvalijar a personas de la tercera edad. Las v\u00edctimas eran sometidas a tremendas golpizas. Como saldo de un procedimiento, un barrabrava del club River Plate fue detenido por los pesquisas&hellip;<\/p>\n","protected":false},"author":1,"featured_media":0,"comment_status":"open","ping_status":"open","sticky":false,"template":"","format":"standard","meta":{"footnotes":""},"categories":[22],"tags":[7061,21689,209,744,8819],"class_list":["post-52266","post","type-post","status-publish","format-standard","hentry","category-policiales","tag-barra","tag-el-osky","tag-lanus","tag-lomas-de-zamora","tag-river-plate"],"_links":{"self":[{"href":"https:\/\/www.elsindical.com.ar\/notas\/wp-json\/wp\/v2\/posts\/52266","targetHints":{"allow":["GET"]}}],"collection":[{"href":"https:\/\/www.elsindical.com.ar\/notas\/wp-json\/wp\/v2\/posts"}],"about":[{"href":"https:\/\/www.elsindical.com.ar\/notas\/wp-json\/wp\/v2\/types\/post"}],"author":[{"embeddable":true,"href":"https:\/\/www.elsindical.com.ar\/notas\/wp-json\/wp\/v2\/users\/1"}],"replies":[{"embeddable":true,"href":"https:\/\/www.elsindical.com.ar\/notas\/wp-json\/wp\/v2\/comments?post=52266"}],"version-history":[{"count":1,"href":"https:\/\/www.elsindical.com.ar\/notas\/wp-json\/wp\/v2\/posts\/52266\/revisions"}],"predecessor-version":[{"id":52268,"href":"https:\/\/www.elsindical.com.ar\/notas\/wp-json\/wp\/v2\/posts\/52266\/revisions\/52268"}],"wp:attachment":[{"href":"https:\/\/www.elsindical.com.ar\/notas\/wp-json\/wp\/v2\/media?parent=52266"}],"wp:term":[{"taxonomy":"category","embeddable":true,"href":"https:\/\/www.elsindical.com.ar\/notas\/wp-json\/wp\/v2\/categories?post=52266"},{"taxonomy":"post_tag","embeddable":true,"href":"https:\/\/www.elsindical.com.ar\/notas\/wp-json\/wp\/v2\/tags?post=52266"}],"curies":[{"name":"wp","href":"https:\/\/api.w.org\/{rel}","templated":true}]}}