{"id":52234,"date":"2015-06-26T15:25:53","date_gmt":"2015-06-26T18:25:53","guid":{"rendered":"http:\/\/www.elsindical.com.ar\/notas\/?p=52234"},"modified":"2015-06-26T15:25:53","modified_gmt":"2015-06-26T18:25:53","slug":"intervinieron-la-afa-y-nombraron-veedores-para-controlar-las-cuentas","status":"publish","type":"post","link":"https:\/\/www.elsindical.com.ar\/notas\/intervinieron-la-afa-y-nombraron-veedores-para-controlar-las-cuentas\/","title":{"rendered":"Intervinieron la AFA y nombraron veedores para controlar las cuentas"},"content":{"rendered":"<p><em><a href=\"http:\/\/www.elsindical.com.ar\/notas\/var\/www\/html\/notas\/wp-content\/uploads\/2015\/06\/AFA.jpg\"><img loading=\"lazy\" decoding=\"async\" class=\"alignnone size-medium wp-image-52235\" src=\"http:\/\/www.elsindical.com.ar\/notas\/var\/www\/html\/notas\/wp-content\/uploads\/2015\/06\/AFA-300x169.jpg\" alt=\"AFA\" width=\"300\" height=\"169\" srcset=\"https:\/\/www.elsindical.com.ar\/notas\/var\/www\/html\/notas\/wp-content\/uploads\/2015\/06\/AFA-300x169.jpg 300w, https:\/\/www.elsindical.com.ar\/notas\/var\/www\/html\/notas\/wp-content\/uploads\/2015\/06\/AFA-500x282.jpg 500w, https:\/\/www.elsindical.com.ar\/notas\/var\/www\/html\/notas\/wp-content\/uploads\/2015\/06\/AFA.jpg 531w\" sizes=\"auto, (max-width: 300px) 100vw, 300px\" \/><\/a>La jueza federal Mar\u00eda Servini de Cubr\u00eda nombr\u00f3 al ex juez Alberto Piotti; la ex titular de la Unidad de Informaci\u00f3n Financiera Alicia L\u00f3pez y un perito contador de la Corte Suprema de Justicia.<\/em><\/p>\n<p>La jueza federal Mar\u00eda Servini de Cubr\u00eda design\u00f3 a tres veedores para tener un mayor control sobre el estado contable de la Asociaci\u00f3n del F\u00fatbol Argentino (AFA).<\/p>\n<p>La magistrada lo hizo en el marco de la investigaci\u00f3n por los manejos de dinero ante un pedido de la denunciante Graciela Oca\u00f1a.<\/p>\n<p>En su decisi\u00f3n, la jueza nombr\u00f3 a tres veedores judiciales: el ex juez Alberto Piotti; la ex titular de la Unidad de Informaci\u00f3n Financiera Alicia L\u00f3pez y un perito contador de la Corte Suprema de Justicia.<\/p>\n<p>La legisladora porte\u00f1a se mostr\u00f3 \u00abcontenta\u00bb con la decisi\u00f3n de Servini de Cubr\u00eda a la vez que aclar\u00f3 que \u00abno se trata de una intervenci\u00f3n\u00bb.<\/p>\n<p>Adem\u00e1s Oca\u00f1a revel\u00f3: \u00abEn AFA hay corrupci\u00f3n, fue utilizada para lavar dinero. La AFA est\u00e1 corrupta, por eso es importante la presencia de 3 veedores judiciales\u00bb.<\/p>\n","protected":false},"excerpt":{"rendered":"<p>La jueza federal Mar\u00eda Servini de Cubr\u00eda nombr\u00f3 al ex juez Alberto Piotti; la ex titular de la Unidad de Informaci\u00f3n Financiera Alicia L\u00f3pez y un perito contador de la Corte Suprema de Justicia. La jueza federal Mar\u00eda Servini de Cubr\u00eda design\u00f3 a tres veedores para tener un mayor control sobre el estado contable de&hellip;<\/p>\n","protected":false},"author":1,"featured_media":0,"comment_status":"open","ping_status":"open","sticky":false,"template":"","format":"standard","meta":{"footnotes":""},"categories":[20],"tags":[1961,955,5624],"class_list":["post-52234","post","type-post","status-publish","format-standard","hentry","category-judiciales","tag-afa","tag-graciela-ocana","tag-maria-servini-de-cubria"],"_links":{"self":[{"href":"https:\/\/www.elsindical.com.ar\/notas\/wp-json\/wp\/v2\/posts\/52234","targetHints":{"allow":["GET"]}}],"collection":[{"href":"https:\/\/www.elsindical.com.ar\/notas\/wp-json\/wp\/v2\/posts"}],"about":[{"href":"https:\/\/www.elsindical.com.ar\/notas\/wp-json\/wp\/v2\/types\/post"}],"author":[{"embeddable":true,"href":"https:\/\/www.elsindical.com.ar\/notas\/wp-json\/wp\/v2\/users\/1"}],"replies":[{"embeddable":true,"href":"https:\/\/www.elsindical.com.ar\/notas\/wp-json\/wp\/v2\/comments?post=52234"}],"version-history":[{"count":1,"href":"https:\/\/www.elsindical.com.ar\/notas\/wp-json\/wp\/v2\/posts\/52234\/revisions"}],"predecessor-version":[{"id":52236,"href":"https:\/\/www.elsindical.com.ar\/notas\/wp-json\/wp\/v2\/posts\/52234\/revisions\/52236"}],"wp:attachment":[{"href":"https:\/\/www.elsindical.com.ar\/notas\/wp-json\/wp\/v2\/media?parent=52234"}],"wp:term":[{"taxonomy":"category","embeddable":true,"href":"https:\/\/www.elsindical.com.ar\/notas\/wp-json\/wp\/v2\/categories?post=52234"},{"taxonomy":"post_tag","embeddable":true,"href":"https:\/\/www.elsindical.com.ar\/notas\/wp-json\/wp\/v2\/tags?post=52234"}],"curies":[{"name":"wp","href":"https:\/\/api.w.org\/{rel}","templated":true}]}}