{"id":52230,"date":"2015-06-26T13:17:26","date_gmt":"2015-06-26T16:17:26","guid":{"rendered":"http:\/\/www.elsindical.com.ar\/notas\/?p=52230"},"modified":"2015-06-26T13:17:26","modified_gmt":"2015-06-26T16:17:26","slug":"52230","status":"publish","type":"post","link":"https:\/\/www.elsindical.com.ar\/notas\/52230\/","title":{"rendered":""},"content":{"rendered":"<p><em>\u00a0<a href=\"http:\/\/www.elsindical.com.ar\/notas\/var\/www\/html\/notas\/wp-content\/uploads\/2015\/06\/sandra-borghi-victor-hugo-morales.jpg\"><img loading=\"lazy\" decoding=\"async\" class=\"alignnone size-medium wp-image-52232\" src=\"http:\/\/www.elsindical.com.ar\/notas\/var\/www\/html\/notas\/wp-content\/uploads\/2015\/06\/sandra-borghi-victor-hugo-morales-300x141.jpg\" alt=\"sandra-borghi-victor-hugo-morales\" width=\"300\" height=\"141\" srcset=\"https:\/\/www.elsindical.com.ar\/notas\/var\/www\/html\/notas\/wp-content\/uploads\/2015\/06\/sandra-borghi-victor-hugo-morales-300x141.jpg 300w, https:\/\/www.elsindical.com.ar\/notas\/var\/www\/html\/notas\/wp-content\/uploads\/2015\/06\/sandra-borghi-victor-hugo-morales-500x234.jpg 500w, https:\/\/www.elsindical.com.ar\/notas\/var\/www\/html\/notas\/wp-content\/uploads\/2015\/06\/sandra-borghi-victor-hugo-morales.jpg 531w\" sizes=\"auto, (max-width: 300px) 100vw, 300px\" \/><\/a>La periodista del Grupo Clar\u00edn cont\u00f3 en una serie de mensajes en las redes sociales que el conductor quiso intimar con ella. Reveladores tweets.<\/em><\/p>\n<p>Sandra Borghi, periodista del Trece y TN, public\u00f3 fuertes mensajes en las redes sociales contra V\u00edctor Hugo Morales.<\/p>\n<p>La movilera sugiri\u00f3 que el conductor quiso intimar con ella. Borghi denunci\u00f3 que V\u00edctor Hugo mandaba a su hermano para persuadirla de tener un encuentro con \u00e9l en la intimidad.<\/p>\n<p>La periodista denunci\u00f3 \u00abacoso period\u00edstico\u00bb. Toda una revelaci\u00f3n y un esc\u00e1ndalo que salpica al periodista uruguayo.<\/p>\n<p>&nbsp;<\/p>\n<p><a href=\"http:\/\/www.elsindical.com.ar\/notas\/var\/www\/html\/notas\/wp-content\/uploads\/2015\/06\/twitts-Sandra-Borghi.jpg\"><img loading=\"lazy\" decoding=\"async\" class=\" size-medium wp-image-52231 aligncenter\" src=\"http:\/\/www.elsindical.com.ar\/notas\/var\/www\/html\/notas\/wp-content\/uploads\/2015\/06\/twitts-Sandra-Borghi-268x300.jpg\" alt=\"twitts-Sandra-Borghi\" width=\"268\" height=\"300\" srcset=\"https:\/\/www.elsindical.com.ar\/notas\/var\/www\/html\/notas\/wp-content\/uploads\/2015\/06\/twitts-Sandra-Borghi-268x300.jpg 268w, https:\/\/www.elsindical.com.ar\/notas\/var\/www\/html\/notas\/wp-content\/uploads\/2015\/06\/twitts-Sandra-Borghi.jpg 620w\" sizes=\"auto, (max-width: 268px) 100vw, 268px\" \/><\/a><\/p>\n","protected":false},"excerpt":{"rendered":"<p>\u00a0La periodista del Grupo Clar\u00edn cont\u00f3 en una serie de mensajes en las redes sociales que el conductor quiso intimar con ella. Reveladores tweets. Sandra Borghi, periodista del Trece y TN, public\u00f3 fuertes mensajes en las redes sociales contra V\u00edctor Hugo Morales. La movilera sugiri\u00f3 que el conductor quiso intimar con ella. Borghi denunci\u00f3 que&hellip;<\/p>\n","protected":false},"author":1,"featured_media":0,"comment_status":"open","ping_status":"open","sticky":false,"template":"","format":"standard","meta":{"footnotes":""},"categories":[6],"tags":[7709,175,21676,1624,7327],"class_list":["post-52230","post","type-post","status-publish","format-standard","hentry","category-denuncias","tag-acoso","tag-denuncia","tag-sandra-borghi","tag-twitter","tag-victor-hugo-morales"],"_links":{"self":[{"href":"https:\/\/www.elsindical.com.ar\/notas\/wp-json\/wp\/v2\/posts\/52230","targetHints":{"allow":["GET"]}}],"collection":[{"href":"https:\/\/www.elsindical.com.ar\/notas\/wp-json\/wp\/v2\/posts"}],"about":[{"href":"https:\/\/www.elsindical.com.ar\/notas\/wp-json\/wp\/v2\/types\/post"}],"author":[{"embeddable":true,"href":"https:\/\/www.elsindical.com.ar\/notas\/wp-json\/wp\/v2\/users\/1"}],"replies":[{"embeddable":true,"href":"https:\/\/www.elsindical.com.ar\/notas\/wp-json\/wp\/v2\/comments?post=52230"}],"version-history":[{"count":1,"href":"https:\/\/www.elsindical.com.ar\/notas\/wp-json\/wp\/v2\/posts\/52230\/revisions"}],"predecessor-version":[{"id":52233,"href":"https:\/\/www.elsindical.com.ar\/notas\/wp-json\/wp\/v2\/posts\/52230\/revisions\/52233"}],"wp:attachment":[{"href":"https:\/\/www.elsindical.com.ar\/notas\/wp-json\/wp\/v2\/media?parent=52230"}],"wp:term":[{"taxonomy":"category","embeddable":true,"href":"https:\/\/www.elsindical.com.ar\/notas\/wp-json\/wp\/v2\/categories?post=52230"},{"taxonomy":"post_tag","embeddable":true,"href":"https:\/\/www.elsindical.com.ar\/notas\/wp-json\/wp\/v2\/tags?post=52230"}],"curies":[{"name":"wp","href":"https:\/\/api.w.org\/{rel}","templated":true}]}}