{"id":52111,"date":"2015-06-22T08:01:25","date_gmt":"2015-06-22T11:01:25","guid":{"rendered":"http:\/\/www.elsindical.com.ar\/notas\/?p=52111"},"modified":"2015-06-22T08:01:25","modified_gmt":"2015-06-22T11:01:25","slug":"la-justicia-rechazo-un-decreto-municipal-ante-los-perjuicios-que-se-podrian-producir","status":"publish","type":"post","link":"https:\/\/www.elsindical.com.ar\/notas\/la-justicia-rechazo-un-decreto-municipal-ante-los-perjuicios-que-se-podrian-producir\/","title":{"rendered":"La Justicia rechaz\u00f3 un decreto municipal ante los \u00abperjuicios que se podr\u00edan producir\u00bb"},"content":{"rendered":"<div id=\"yiv1842420052x_yiv9162180212yui_3_16_0_1_1434807764274_2227\" class=\"yiv1842420052x_yiv9162180212\" align=\"center\"><strong id=\"yiv1842420052x_yiv9162180212yui_3_16_0_1_1434807764274_2226\" class=\"yiv1842420052x_yiv9162180212\"><em id=\"yiv1842420052x_yiv9162180212yui_3_16_0_1_1434807764274_2225\" class=\"yiv1842420052x_yiv9162180212\"><a href=\"http:\/\/www.elsindical.com.ar\/notas\/var\/www\/html\/notas\/wp-content\/uploads\/2015\/06\/Ferraresi-conferencia.jpg\"><img loading=\"lazy\" decoding=\"async\" class=\"alignnone size-medium wp-image-52112\" src=\"http:\/\/www.elsindical.com.ar\/notas\/var\/www\/html\/notas\/wp-content\/uploads\/2015\/06\/Ferraresi-conferencia-300x216.jpg\" alt=\"Ferraresi-conferencia\" width=\"300\" height=\"216\" srcset=\"https:\/\/www.elsindical.com.ar\/notas\/var\/www\/html\/notas\/wp-content\/uploads\/2015\/06\/Ferraresi-conferencia-300x216.jpg 300w, https:\/\/www.elsindical.com.ar\/notas\/var\/www\/html\/notas\/wp-content\/uploads\/2015\/06\/Ferraresi-conferencia-416x300.jpg 416w, https:\/\/www.elsindical.com.ar\/notas\/var\/www\/html\/notas\/wp-content\/uploads\/2015\/06\/Ferraresi-conferencia.jpg 620w\" sizes=\"auto, (max-width: 300px) 100vw, 300px\" \/><\/a>El Juez Federal, Luis Armella, hizo prevalecer el \u00abderecho a la vida\u00bb y el \u00abderecho a la atenci\u00f3n y asistencia sanitaria\u00bb,<\/em><\/strong>\u00a0<strong id=\"yiv1842420052x_yiv9162180212yui_3_16_0_1_1434807764274_2229\" class=\"yiv1842420052x_yiv9162180212\"><em id=\"yiv1842420052x_yiv9162180212yui_3_16_0_1_1434807764274_2228\" class=\"yiv1842420052x_yiv9162180212\">ordenando al Intendente de Avellaneda, Jorge Ferraresi, que \u00aben un lapso no mayor a 72 horas, suspenda los efectos del Decreto Municipal N\u00ba 1416\/2015\u00bb que cort\u00f3 los c\u00f3digos de descuentos de la Obra Social del Personal Municipal de Avellaneda, y \u00abgarantice la continuidad en la prestaci\u00f3n de los servicios\u00bb. La medida del Jefe Comunal \u00abpuso en riesgo la salud de cientos de afiliados, adem\u00e1s de ser ilegal, arbitraria, y lesiva de los derechos de libertad sindical\u00bb, denunciaron desde el gremio.<\/em><\/strong><\/div>\n<div id=\"yui_3_16_0_1_1434809551994_2957\" class=\"yiv1842420052x_qtdSeparateBR\"><\/div>\n<div id=\"yiv1842420052x_yiv9162180212yqtfd08677\" class=\"yiv1842420052x_yiv9162180212yqt7405566337\">\n<div id=\"yiv1842420052x_yiv9162180212yui_3_16_0_1_1434807764274_2231\" class=\"yiv1842420052x_yiv9162180212\">El Juez Federal de Quilmes, Dr. Luis Armella, hizo lugar a la demanda iniciada por el Sindicato de Trabajadores Municipales de Avellaneda (STMA) contra la Municipalidad de ese distrito, exigiendo que se \u00abrestituyan nuevamente los c\u00f3digos de descuentos\u00bb por donde la Obra Social del sindicato percibe los aportes de los afiliados.<\/div>\n<div id=\"yiv1842420052x_yiv9162180212yui_3_16_0_1_1434807764274_2233\" class=\"yiv1842420052x_yiv9162180212\">En el dictamen, el Juez Armella argumenta que \u00abse trata de cuestiones vinculadas a la posible conculcaci\u00f3n de derechos fundamentales constitucionalmente consagrados, tales como el derecho a la salud como desprendimiento del derecho a la vida, (&#8230;) por lo que resulta necesario intervenir sin demoras\u00bb. Los perjuicios derivados del decreto 1416\/2015, dictado por Jorge Ferraresi, \u00abse encontrar\u00edan acreditados habida cuenta de la existencia de prestaciones que se hallan en curso de ejecuci\u00f3n y cuyo cumplimiento resulta de imposible suspensi\u00f3n, entre ellas la compra de medicamentos\u00bb, sostiene el magistrado.<\/div>\n<div id=\"yiv1842420052x_yiv9162180212yui_3_16_0_1_1434807764274_2235\" class=\"yiv1842420052x_yiv9162180212\">Por otro lado, invocando diversos fallos de la Corte Suprema de Justicia, el titular del Juzgado Federal de 1\u00ba Instancia de Quilmes indica que \u00abel derecho a la vida, m\u00e1s que un derecho enumerado en los t\u00e9rminos del art\u00edculo 33 de la Constituci\u00f3n Nacional, es un derecho impl\u00edcito, ya que el ejercicio de los derechos reconocidos expresamente requieren necesariamente de \u00e9l. A su vez, el derecho a la salud, est\u00e1 \u00edntimamente relacionado con el primero, y desde el punto de vista normativo, est\u00e1 reconocido en los Tratados Internacionales con rango Constitucional\u00bb.<\/div>\n<div id=\"yiv1842420052x_yiv9162180212yui_3_16_0_1_1434807764274_2284\" class=\"yiv1842420052x_yiv9162180212\">En este sentido, Armella justifica su intervenci\u00f3n a ra\u00edz de que \u00abdichas medidas precautorias se encuentran enderezadas a evitar la producci\u00f3n de perjuicios que se podr\u00edan producir en caso de inactividad del magistrado, y podr\u00edan tornarse de muy dificultosa o imposible reparaci\u00f3n en la oportunidad del dictado de la sentencia definitiva\u00bb. Por ello, afirma m\u00e1s adelante, \u00abresulta imprescindible poner especial atenci\u00f3n a la naturaleza del bien jur\u00eddico que se intenta preservar\u00bb, y advierte que: \u00abEl peligro en la demora resulta impl\u00edcito por la naturaleza del derecho en crisis, toda\u00a0 vez que existe riesgo de producir un da\u00f1o irreparable, circunstancia que exige la adopci\u00f3n de acciones positivas que aseguren la vigencia del derecho de los afiliados, entre otros, a acceder a la medicaci\u00f3n as\u00ed como a otras prestaciones asociadas a la salud en la forma en que lo ven\u00edan haciendo, y ello as\u00ed, en el marco de la garant\u00eda constitucional a una tutela judicial continua y efectiva\u00bb.<\/div>\n<div id=\"yiv1842420052x_yiv9162180212yui_3_16_0_1_1434807764274_2285\" class=\"yiv1842420052x_yiv9162180212\">Cabe destacar que la cuestionada decisi\u00f3n de Ferraresi de dar de baja los c\u00f3digos de descuentos fue denunciada oportunamente por el gremio que lidera Rub\u00e9n &#8216;Cholo&#8217; Garc\u00eda como \u00abilegal, arbitraria, y lesiva de los derechos de libertad sindical\u00bb. Sin embargo, durante el per\u00edodo que la medida cautelar cursaba en los estrados de la Justicia, la Obra Social \u00ablogr\u00f3 mantener vigente las prestaciones a sus afiliados, aunque se hac\u00eda inminente, de no contar con una resoluci\u00f3n favorable de forma inmediata, la crisis del sistema de salud y su consiguiente colapso\u00bb, preven\u00edan desde la organizaci\u00f3n sindical. D\u00edas atr\u00e1s, ya hab\u00edan comenzado a trascender algunos casos de afiliados con \u00abpatolog\u00edas complejas\u00bb que preve\u00edan un futuro incierto en su acceso a la medicaci\u00f3n y el evidente deterioro de la su salud.<\/div>\n<div id=\"yiv1842420052x_yiv9162180212yui_3_16_0_1_1434807764274_2287\" class=\"yiv1842420052x_yiv9162180212\" dir=\"ltr\">Por esa raz\u00f3n, el Juez Federal resolvi\u00f3 dar lugar a la demanda del STMA y oblig\u00f3 al Intendente Municipal de Avellaneda, Jorge Ferraresi a que \u00absuspenda, en el plazo de setenta y dos (72) horas, los efectos de la aplicaci\u00f3n del Decreto Municipal N\u00ba 1416\/2015 y disponga la continuidad de los c\u00f3digos de descuento otorgados al Sindicato de Trabajadores Municipales de Avellaneda, dejando en plena vigencia el Decreto 2787\/2012, garantizando la continuidad en la prestaci\u00f3n de los servicios de la Obra Social del Personal Municipal de Avellaneda\u00bb.<\/div>\n<\/div>\n<div class=\"yiv1842420052x_yiv9162180212\" dir=\"ltr\"><a href=\"http:\/\/www.elsindical.com.ar\/notas\/var\/www\/html\/notas\/wp-content\/uploads\/2015\/06\/Oficio-Armella-MDA-2.jpg\"><img loading=\"lazy\" decoding=\"async\" class=\"alignnone size-medium wp-image-52113\" src=\"http:\/\/www.elsindical.com.ar\/notas\/var\/www\/html\/notas\/wp-content\/uploads\/2015\/06\/Oficio-Armella-MDA-2-190x300.jpg\" alt=\"Oficio-Armella-MDA-2\" width=\"190\" height=\"300\" srcset=\"https:\/\/www.elsindical.com.ar\/notas\/var\/www\/html\/notas\/wp-content\/uploads\/2015\/06\/Oficio-Armella-MDA-2-190x300.jpg 190w, https:\/\/www.elsindical.com.ar\/notas\/var\/www\/html\/notas\/wp-content\/uploads\/2015\/06\/Oficio-Armella-MDA-2-650x1024.jpg 650w, https:\/\/www.elsindical.com.ar\/notas\/var\/www\/html\/notas\/wp-content\/uploads\/2015\/06\/Oficio-Armella-MDA-2.jpg 738w\" sizes=\"auto, (max-width: 190px) 100vw, 190px\" \/><\/a> <a href=\"http:\/\/www.elsindical.com.ar\/notas\/var\/www\/html\/notas\/wp-content\/uploads\/2015\/06\/Oficio-Armella-MDA.jpg\"><img loading=\"lazy\" decoding=\"async\" class=\"alignnone size-medium wp-image-52114\" src=\"http:\/\/www.elsindical.com.ar\/notas\/var\/www\/html\/notas\/wp-content\/uploads\/2015\/06\/Oficio-Armella-MDA-218x300.jpg\" alt=\"Oficio-Armella-MDA\" width=\"218\" height=\"300\" srcset=\"https:\/\/www.elsindical.com.ar\/notas\/var\/www\/html\/notas\/wp-content\/uploads\/2015\/06\/Oficio-Armella-MDA-218x300.jpg 218w, https:\/\/www.elsindical.com.ar\/notas\/var\/www\/html\/notas\/wp-content\/uploads\/2015\/06\/Oficio-Armella-MDA.jpg 738w\" sizes=\"auto, (max-width: 218px) 100vw, 218px\" \/><\/a><\/div>\n<div class=\"yiv1842420052x_yiv9162180212\" dir=\"ltr\"><\/div>\n","protected":false},"excerpt":{"rendered":"<p>El Juez Federal, Luis Armella, hizo prevalecer el \u00abderecho a la vida\u00bb y el \u00abderecho a la atenci\u00f3n y asistencia sanitaria\u00bb,\u00a0ordenando al Intendente de Avellaneda, Jorge Ferraresi, que \u00aben un lapso no mayor a 72 horas, suspenda los efectos del Decreto Municipal N\u00ba 1416\/2015\u00bb que cort\u00f3 los c\u00f3digos de descuentos de la Obra Social del&hellip;<\/p>\n","protected":false},"author":1,"featured_media":0,"comment_status":"open","ping_status":"open","sticky":false,"template":"","format":"standard","meta":{"footnotes":""},"categories":[20],"tags":[461,1062,16543,17285,3141],"class_list":["post-52111","post","type-post","status-publish","format-standard","hentry","category-judiciales","tag-avellaneda","tag-jorge-ferraresi","tag-luis-armella","tag-mutrama","tag-stma"],"_links":{"self":[{"href":"https:\/\/www.elsindical.com.ar\/notas\/wp-json\/wp\/v2\/posts\/52111","targetHints":{"allow":["GET"]}}],"collection":[{"href":"https:\/\/www.elsindical.com.ar\/notas\/wp-json\/wp\/v2\/posts"}],"about":[{"href":"https:\/\/www.elsindical.com.ar\/notas\/wp-json\/wp\/v2\/types\/post"}],"author":[{"embeddable":true,"href":"https:\/\/www.elsindical.com.ar\/notas\/wp-json\/wp\/v2\/users\/1"}],"replies":[{"embeddable":true,"href":"https:\/\/www.elsindical.com.ar\/notas\/wp-json\/wp\/v2\/comments?post=52111"}],"version-history":[{"count":1,"href":"https:\/\/www.elsindical.com.ar\/notas\/wp-json\/wp\/v2\/posts\/52111\/revisions"}],"predecessor-version":[{"id":52115,"href":"https:\/\/www.elsindical.com.ar\/notas\/wp-json\/wp\/v2\/posts\/52111\/revisions\/52115"}],"wp:attachment":[{"href":"https:\/\/www.elsindical.com.ar\/notas\/wp-json\/wp\/v2\/media?parent=52111"}],"wp:term":[{"taxonomy":"category","embeddable":true,"href":"https:\/\/www.elsindical.com.ar\/notas\/wp-json\/wp\/v2\/categories?post=52111"},{"taxonomy":"post_tag","embeddable":true,"href":"https:\/\/www.elsindical.com.ar\/notas\/wp-json\/wp\/v2\/tags?post=52111"}],"curies":[{"name":"wp","href":"https:\/\/api.w.org\/{rel}","templated":true}]}}