{"id":52108,"date":"2015-06-22T07:39:08","date_gmt":"2015-06-22T10:39:08","guid":{"rendered":"http:\/\/www.elsindical.com.ar\/notas\/?p=52108"},"modified":"2015-06-22T07:39:08","modified_gmt":"2015-06-22T10:39:08","slug":"scioli-no-cumplio-y-salud-publica-amenaza-con-paralizar-los-hospitales","status":"publish","type":"post","link":"https:\/\/www.elsindical.com.ar\/notas\/scioli-no-cumplio-y-salud-publica-amenaza-con-paralizar-los-hospitales\/","title":{"rendered":"Scioli no cumpli\u00f3 y Salud P\u00fablica amenaza con paralizar los hospitales"},"content":{"rendered":"<p class=\"copete\"><em><a href=\"http:\/\/www.elsindical.com.ar\/notas\/var\/www\/html\/notas\/wp-content\/uploads\/2015\/06\/Sindicato-de-Salud-P\u00fablica.jpg\"><img loading=\"lazy\" decoding=\"async\" class=\"alignnone size-medium wp-image-52109\" src=\"http:\/\/www.elsindical.com.ar\/notas\/var\/www\/html\/notas\/wp-content\/uploads\/2015\/06\/Sindicato-de-Salud-P\u00fablica-300x176.jpg\" alt=\"Sindicato-de-Salud-P\u00fablica\" width=\"300\" height=\"176\" srcset=\"https:\/\/www.elsindical.com.ar\/notas\/var\/www\/html\/notas\/wp-content\/uploads\/2015\/06\/Sindicato-de-Salud-P\u00fablica-300x176.jpg 300w, https:\/\/www.elsindical.com.ar\/notas\/var\/www\/html\/notas\/wp-content\/uploads\/2015\/06\/Sindicato-de-Salud-P\u00fablica-500x294.jpg 500w, https:\/\/www.elsindical.com.ar\/notas\/var\/www\/html\/notas\/wp-content\/uploads\/2015\/06\/Sindicato-de-Salud-P\u00fablica.jpg 620w\" sizes=\"auto, (max-width: 300px) 100vw, 300px\" \/><\/a>Trabajadores reclaman el pase a planta permanente y el cumplimiento del decreto de insalubridad por agotamiento prematuro que el Gobernador bonaerense se comprometi\u00f3 a concretar.<\/em><\/p>\n<p>El Sindicato de Salud P\u00fablica de la provincia de Buenos Aires (SSP)<strong> anunci\u00f3 un cronograma de paro en todos los hospitales bonaerenses<\/strong> ante el incumplimiento del gobernador Daniel Scioli del decreto 58\/2015, que estipula la insalubridad por agotamiento prematuro para el personal hospitalario, entre otros puntos.<\/p>\n<p>Los paros se realizar\u00e1n de manera escalonada y progresiva, seg\u00fan explicaron desde el gremio que lidera<strong> Miguel \u00c1ngel Zubieta<\/strong>. De aprobarlos en la pr\u00f3xima reuni\u00f3n de comsi\u00f3n directiva, las huelgas \u00a0ser\u00e1n de 24, 48, 72 y 96 horas, en cada una de las semanas de julio, llegando al completo cese de actividades para la \u00faltima.<\/p>\n<p>Los trabajadores tambi\u00e9n reclaman el pase a planta de trabajadores que ya iniciaron los tr\u00e1mites correspondientes. Todo indica que durante la primera semana de julio la medida de fuerza ser\u00e1 de 24 horas; en la segunda, de 48; en la tercera, de 72; y en la cuarta, de 96; adem\u00e1s de un cese total en la quinta semana, lo cual vaciar\u00eda los nosocomios en toda la Provincia.<\/p>\n<p>El precandidato a presidente de la Naci\u00f3n por el Frente para la Victoria, <strong>Daniel Scioli<\/strong>, se hab\u00eda comprometido ante m\u00e1s de 4.000 trabajadores de la salud a concretar el esperado pase a planta, y si bien lo hab\u00eda hecho inicialmente en diciembre pasado, lo ratific\u00f3 el 8 de marzo en ocasi\u00f3n de los festejos por el D\u00eda del Trabajador de la Salud, ante 5.000 trabajadores, misma jornada en que entreg\u00f3 el decreto 58\/2015.<\/p>\n<p>En di\u00e1logo con La Buena Info, Zubieta manifest\u00f3 su preocupaci\u00f3n: \u201cLa situaci\u00f3n est\u00e1 planteada, <strong>el gobernador tom\u00f3 un compromiso<\/strong> y dijo que 4700 trabajadores ser\u00edan pasados a planta, y de estos al menos tres mil comenzaron los expedientes y la mayor\u00eda est\u00e1 estancado en el ministerio de Salud\u201d, se quej\u00f3.<\/p>\n<p>\u201cNuestros plazos se van venciendo. <strong>Scioli no debe olvidarse de las promesas que hizo<\/strong> y que est\u00e1n incumplidas. Sabemos que en el mes de junio finaliza el plazo en cuanto al acuerdo de palabra que hicimos\u201d, aclar\u00f3 dando una fecha de vencimiento.<\/p>\n","protected":false},"excerpt":{"rendered":"<p>Trabajadores reclaman el pase a planta permanente y el cumplimiento del decreto de insalubridad por agotamiento prematuro que el Gobernador bonaerense se comprometi\u00f3 a concretar. El Sindicato de Salud P\u00fablica de la provincia de Buenos Aires (SSP) anunci\u00f3 un cronograma de paro en todos los hospitales bonaerenses ante el incumplimiento del gobernador Daniel Scioli del&hellip;<\/p>\n","protected":false},"author":1,"featured_media":0,"comment_status":"open","ping_status":"open","sticky":false,"template":"","format":"standard","meta":{"footnotes":""},"categories":[16],"tags":[983,20803,1170,10696],"class_list":["post-52108","post","type-post","status-publish","format-standard","hentry","category-gremiales","tag-daniel-scioli","tag-miguel-angel-zubieta","tag-paros","tag-salud-publica"],"_links":{"self":[{"href":"https:\/\/www.elsindical.com.ar\/notas\/wp-json\/wp\/v2\/posts\/52108","targetHints":{"allow":["GET"]}}],"collection":[{"href":"https:\/\/www.elsindical.com.ar\/notas\/wp-json\/wp\/v2\/posts"}],"about":[{"href":"https:\/\/www.elsindical.com.ar\/notas\/wp-json\/wp\/v2\/types\/post"}],"author":[{"embeddable":true,"href":"https:\/\/www.elsindical.com.ar\/notas\/wp-json\/wp\/v2\/users\/1"}],"replies":[{"embeddable":true,"href":"https:\/\/www.elsindical.com.ar\/notas\/wp-json\/wp\/v2\/comments?post=52108"}],"version-history":[{"count":1,"href":"https:\/\/www.elsindical.com.ar\/notas\/wp-json\/wp\/v2\/posts\/52108\/revisions"}],"predecessor-version":[{"id":52110,"href":"https:\/\/www.elsindical.com.ar\/notas\/wp-json\/wp\/v2\/posts\/52108\/revisions\/52110"}],"wp:attachment":[{"href":"https:\/\/www.elsindical.com.ar\/notas\/wp-json\/wp\/v2\/media?parent=52108"}],"wp:term":[{"taxonomy":"category","embeddable":true,"href":"https:\/\/www.elsindical.com.ar\/notas\/wp-json\/wp\/v2\/categories?post=52108"},{"taxonomy":"post_tag","embeddable":true,"href":"https:\/\/www.elsindical.com.ar\/notas\/wp-json\/wp\/v2\/tags?post=52108"}],"curies":[{"name":"wp","href":"https:\/\/api.w.org\/{rel}","templated":true}]}}