{"id":52086,"date":"2015-06-21T00:38:06","date_gmt":"2015-06-21T03:38:06","guid":{"rendered":"http:\/\/www.elsindical.com.ar\/notas\/?p=52086"},"modified":"2015-06-21T00:38:06","modified_gmt":"2015-06-21T03:38:06","slug":"candidatos-a-concejales-por-el-pro-todos-funcionales-al-oficialismo","status":"publish","type":"post","link":"https:\/\/www.elsindical.com.ar\/notas\/candidatos-a-concejales-por-el-pro-todos-funcionales-al-oficialismo\/","title":{"rendered":"Candidatos a concejales por el PRO, todos funcionales al oficialismo"},"content":{"rendered":"<p><strong><a href=\"http:\/\/www.elsindical.com.ar\/notas\/var\/www\/html\/notas\/wp-content\/uploads\/2014\/12\/Gladys-Gonz\u00e1lez-y-Vinagre.jpg\"><img loading=\"lazy\" decoding=\"async\" class=\"alignnone size-medium wp-image-47662\" src=\"http:\/\/www.elsindical.com.ar\/notas\/var\/www\/html\/notas\/wp-content\/uploads\/2014\/12\/Gladys-Gonz\u00e1lez-y-Vinagre-300x199.jpg\" alt=\"Gladys-Gonz\u00e1lez-y-Vinagre\" width=\"300\" height=\"199\" srcset=\"https:\/\/www.elsindical.com.ar\/notas\/var\/www\/html\/notas\/wp-content\/uploads\/2014\/12\/Gladys-Gonz\u00e1lez-y-Vinagre-300x199.jpg 300w, https:\/\/www.elsindical.com.ar\/notas\/var\/www\/html\/notas\/wp-content\/uploads\/2014\/12\/Gladys-Gonz\u00e1lez-y-Vinagre-450x300.jpg 450w, https:\/\/www.elsindical.com.ar\/notas\/var\/www\/html\/notas\/wp-content\/uploads\/2014\/12\/Gladys-Gonz\u00e1lez-y-Vinagre.jpg 620w\" sizes=\"auto, (max-width: 300px) 100vw, 300px\" \/><\/a>Intendente:<br \/>\n<\/strong>Gladys Gonz\u00e1lez<br \/>\n<strong>Concejales:<\/strong><br \/>\n1\u00ba: Sebasti\u00e1n Vinagre<br \/>\n2\u00ba: Daniel Garcia<br \/>\n3\u00ba: Miriam Grai\u00f1o (UCR)<br \/>\n4\u00ba: Diego Malito<br \/>\n5\u00ba: Nicanor Wildo Roa<br \/>\n6\u00ba: Maricel Marciano<br \/>\n7\u00ba: Roberto Gomez<br \/>\n<strong>Consejero Escolar:<\/strong><br \/>\nNito Barboza<\/p>\n<p>La lista de concejales del PRO, es una de las m\u00e1s burdas burlas a los vecinos de Avellaneda, integrada por la resaca pol\u00edtica actual, pol\u00edticos repudiados y quemados, incluso con denuncias en la justicia, como lo son el 1\u00ba y 2\u00ba candidato, Vinagre con su p\u00e9sima actuaci\u00f3n como defensor del Pueblo termin\u00f3 de rifar su imagen, Daniel Garc\u00eda siempre ha sido un \u00abcharlat\u00e1n\u00bb que hizo todo para enriquecer su patrimonio, pero nada por los vecinos.<\/p>\n<p>Miriam Grai\u00f1o arrastra el repudio de la mayor\u00eda de los vecinos por su actuaci\u00f3n en el tema del hospital de Wilde y su relato ya no es cre\u00edble.<\/p>\n<p>Gladys Gonz\u00e1lez sabe muy bien que no ganar\u00e1 ni estar\u00e1 cerca de Ferraresi, por lo que su esposo ya ha tendido lazos comerciales con el intendente que gusta de beneficiar a sus empresas y la de sus amigos, as\u00ed que la tendremos rondando el partido.<\/p>\n","protected":false},"excerpt":{"rendered":"<p>Intendente: Gladys Gonz\u00e1lez Concejales: 1\u00ba: Sebasti\u00e1n Vinagre 2\u00ba: Daniel Garcia 3\u00ba: Miriam Grai\u00f1o (UCR) 4\u00ba: Diego Malito 5\u00ba: Nicanor Wildo Roa 6\u00ba: Maricel Marciano 7\u00ba: Roberto Gomez Consejero Escolar: Nito Barboza La lista de concejales del PRO, es una de las m\u00e1s burdas burlas a los vecinos de Avellaneda, integrada por la resaca pol\u00edtica actual,&hellip;<\/p>\n","protected":false},"author":1,"featured_media":0,"comment_status":"open","ping_status":"open","sticky":false,"template":"","format":"standard","meta":{"footnotes":""},"categories":[13],"tags":[11729,20142,13019,328],"class_list":["post-52086","post","type-post","status-publish","format-standard","hentry","category-politica","tag-concejales","tag-gladys-gonzalez","tag-lista","tag-pro"],"_links":{"self":[{"href":"https:\/\/www.elsindical.com.ar\/notas\/wp-json\/wp\/v2\/posts\/52086","targetHints":{"allow":["GET"]}}],"collection":[{"href":"https:\/\/www.elsindical.com.ar\/notas\/wp-json\/wp\/v2\/posts"}],"about":[{"href":"https:\/\/www.elsindical.com.ar\/notas\/wp-json\/wp\/v2\/types\/post"}],"author":[{"embeddable":true,"href":"https:\/\/www.elsindical.com.ar\/notas\/wp-json\/wp\/v2\/users\/1"}],"replies":[{"embeddable":true,"href":"https:\/\/www.elsindical.com.ar\/notas\/wp-json\/wp\/v2\/comments?post=52086"}],"version-history":[{"count":1,"href":"https:\/\/www.elsindical.com.ar\/notas\/wp-json\/wp\/v2\/posts\/52086\/revisions"}],"predecessor-version":[{"id":52087,"href":"https:\/\/www.elsindical.com.ar\/notas\/wp-json\/wp\/v2\/posts\/52086\/revisions\/52087"}],"wp:attachment":[{"href":"https:\/\/www.elsindical.com.ar\/notas\/wp-json\/wp\/v2\/media?parent=52086"}],"wp:term":[{"taxonomy":"category","embeddable":true,"href":"https:\/\/www.elsindical.com.ar\/notas\/wp-json\/wp\/v2\/categories?post=52086"},{"taxonomy":"post_tag","embeddable":true,"href":"https:\/\/www.elsindical.com.ar\/notas\/wp-json\/wp\/v2\/tags?post=52086"}],"curies":[{"name":"wp","href":"https:\/\/api.w.org\/{rel}","templated":true}]}}