{"id":52062,"date":"2015-06-20T14:30:48","date_gmt":"2015-06-20T17:30:48","guid":{"rendered":"http:\/\/www.elsindical.com.ar\/notas\/?p=52062"},"modified":"2015-06-20T14:30:48","modified_gmt":"2015-06-20T17:30:48","slug":"avellaneda-desbaratan-banda-de-ladrones-y-secuestradores-encabezada-por-una-menor-de-15-anos","status":"publish","type":"post","link":"https:\/\/www.elsindical.com.ar\/notas\/avellaneda-desbaratan-banda-de-ladrones-y-secuestradores-encabezada-por-una-menor-de-15-anos\/","title":{"rendered":"Avellaneda: Desbaratan banda de ladrones y secuestradores encabezada por una menor de 15 a\u00f1os"},"content":{"rendered":"<p><a href=\"http:\/\/www.elsindical.com.ar\/notas\/var\/www\/html\/notas\/wp-content\/uploads\/2015\/06\/comisaria-1ra-cartel2.jpg\"><img loading=\"lazy\" decoding=\"async\" class=\"alignnone size-medium wp-image-52063\" src=\"http:\/\/www.elsindical.com.ar\/notas\/var\/www\/html\/notas\/wp-content\/uploads\/2015\/06\/comisaria-1ra-cartel2-300x205.jpg\" alt=\"comisaria-1ra-cartel2\" width=\"300\" height=\"205\" srcset=\"https:\/\/www.elsindical.com.ar\/notas\/var\/www\/html\/notas\/wp-content\/uploads\/2015\/06\/comisaria-1ra-cartel2-300x205.jpg 300w, https:\/\/www.elsindical.com.ar\/notas\/var\/www\/html\/notas\/wp-content\/uploads\/2015\/06\/comisaria-1ra-cartel2-440x300.jpg 440w, https:\/\/www.elsindical.com.ar\/notas\/var\/www\/html\/notas\/wp-content\/uploads\/2015\/06\/comisaria-1ra-cartel2.jpg 620w\" sizes=\"auto, (max-width: 300px) 100vw, 300px\" \/><\/a><em>Personal del C.P.C de Avellaneda y de la comisar\u00eda 1ra, lograron detener a una banda de roba autos y secuestradores, adem\u00e1s de rescatar a la \u00faltima v\u00edctima la que fue rescatada ilesa luego de una persecuci\u00f3n que se prolong\u00f3 por varias cuadras, hasta la conocida Villa Tranquila del partido de Avellaneda.<\/em><\/p>\n<p>Todo comenz\u00f3 cuando pasadas las 21:00 hs. personal del gabinete criminol\u00f3gico de la comisar\u00eda 1ra. observo\u00a0 el paso de un auto particular marca Ford Focus, dominio colocado DRC 733, por la intersecci\u00f3n de las calles Levalle y Av. Roca, con varios ocupantes en su interior, al que comenzaron a seguir a distancia prudencial para observar lo que hac\u00edan, los que aceleran al notar la presencia policial, dirigi\u00e9ndose rumbo al asentamiento conocido como Villa Tranquila, donde en la calle Manuel Est\u00e9vez al 1100, desaceleran y arrojan del auto a un hombre que comienza a gritar \u00abme robaron\u00bb, continuando el auto unos metros m\u00e1s donde son seguidos por el personal policial ya con el apoyo de personal del C.P.C que ven\u00edan buscando a los acusados en momentos que se sum\u00f3 el personal de la comisar\u00eda 1ra..<\/p>\n<p>Del auto descendi\u00f3 del lado del conductor una mujer, que posteriormente se determin\u00f3 que era la que manejaba, a la que se le secuestro las llaves del auto robado, la misma fue descripta por la v\u00edctima como la que le apunt\u00f3 con una pistola para robarle el auto y secuestrarlo, la misma se comprob\u00f3 es menor de edad, cuenta con 15 a\u00f1os y vive en la zona de Avellaneda, junto a ella fueron apresados otros dos menores varones de 14 y 15 a\u00f1os tambi\u00e9n oriundos de Avellaneda\u00a0y un mayor masculino, que al momento del procedimiento policial se acerc\u00f3 para agredir al personal policial y junto a otros vecinos, tratar de evitar el arresto de los menores, por lo que la polic\u00eda tuvo que retirarse del lugar con los detenidos y el auto de la v\u00edctima para evitar males mayores.<\/p>\n<p>Posteriormente el personal de la comisar\u00eda 1ra, a cargo del Subcomisario Javier Caffarena, pudo determinar que la banda detenida ser\u00eda la autora de varios hechos delictivos que se encontraban investigados.<\/p>\n<p>&nbsp;<\/p>\n<p>&nbsp;<\/p>\n","protected":false},"excerpt":{"rendered":"<p>Personal del C.P.C de Avellaneda y de la comisar\u00eda 1ra, lograron detener a una banda de roba autos y secuestradores, adem\u00e1s de rescatar a la \u00faltima v\u00edctima la que fue rescatada ilesa luego de una persecuci\u00f3n que se prolong\u00f3 por varias cuadras, hasta la conocida Villa Tranquila del partido de Avellaneda. Todo comenz\u00f3 cuando pasadas&hellip;<\/p>\n","protected":false},"author":1,"featured_media":0,"comment_status":"open","ping_status":"open","sticky":false,"template":"","format":"standard","meta":{"footnotes":""},"categories":[22],"tags":[461,21015,8848,30,1796],"class_list":["post-52062","post","type-post","status-publish","format-standard","hentry","category-policiales","tag-avellaneda","tag-c-p-c","tag-comisaria-1ra","tag-policia","tag-villa-tranquila"],"_links":{"self":[{"href":"https:\/\/www.elsindical.com.ar\/notas\/wp-json\/wp\/v2\/posts\/52062","targetHints":{"allow":["GET"]}}],"collection":[{"href":"https:\/\/www.elsindical.com.ar\/notas\/wp-json\/wp\/v2\/posts"}],"about":[{"href":"https:\/\/www.elsindical.com.ar\/notas\/wp-json\/wp\/v2\/types\/post"}],"author":[{"embeddable":true,"href":"https:\/\/www.elsindical.com.ar\/notas\/wp-json\/wp\/v2\/users\/1"}],"replies":[{"embeddable":true,"href":"https:\/\/www.elsindical.com.ar\/notas\/wp-json\/wp\/v2\/comments?post=52062"}],"version-history":[{"count":1,"href":"https:\/\/www.elsindical.com.ar\/notas\/wp-json\/wp\/v2\/posts\/52062\/revisions"}],"predecessor-version":[{"id":52064,"href":"https:\/\/www.elsindical.com.ar\/notas\/wp-json\/wp\/v2\/posts\/52062\/revisions\/52064"}],"wp:attachment":[{"href":"https:\/\/www.elsindical.com.ar\/notas\/wp-json\/wp\/v2\/media?parent=52062"}],"wp:term":[{"taxonomy":"category","embeddable":true,"href":"https:\/\/www.elsindical.com.ar\/notas\/wp-json\/wp\/v2\/categories?post=52062"},{"taxonomy":"post_tag","embeddable":true,"href":"https:\/\/www.elsindical.com.ar\/notas\/wp-json\/wp\/v2\/tags?post=52062"}],"curies":[{"name":"wp","href":"https:\/\/api.w.org\/{rel}","templated":true}]}}