{"id":52056,"date":"2015-06-19T17:27:17","date_gmt":"2015-06-19T20:27:17","guid":{"rendered":"http:\/\/www.elsindical.com.ar\/notas\/?p=52056"},"modified":"2015-06-19T17:27:17","modified_gmt":"2015-06-19T20:27:17","slug":"corrientes-femicida-viajo-desde-chaco-para-matar-a-su-ex-mujer","status":"publish","type":"post","link":"https:\/\/www.elsindical.com.ar\/notas\/corrientes-femicida-viajo-desde-chaco-para-matar-a-su-ex-mujer\/","title":{"rendered":"Corrientes: Femicida viaj\u00f3 desde Chaco para matar a su ex mujer"},"content":{"rendered":"<p><em><a href=\"http:\/\/www.elsindical.com.ar\/notas\/var\/www\/html\/notas\/wp-content\/uploads\/2015\/06\/cuchillo-femicidio.jpg\"><img loading=\"lazy\" decoding=\"async\" class=\"alignnone size-medium wp-image-52057\" src=\"http:\/\/www.elsindical.com.ar\/notas\/var\/www\/html\/notas\/wp-content\/uploads\/2015\/06\/cuchillo-femicidio-300x173.jpg\" alt=\"cuchillo-femicidio\" width=\"300\" height=\"173\" srcset=\"https:\/\/www.elsindical.com.ar\/notas\/var\/www\/html\/notas\/wp-content\/uploads\/2015\/06\/cuchillo-femicidio-300x173.jpg 300w, https:\/\/www.elsindical.com.ar\/notas\/var\/www\/html\/notas\/wp-content\/uploads\/2015\/06\/cuchillo-femicidio.jpg 443w\" sizes=\"auto, (max-width: 300px) 100vw, 300px\" \/><\/a>Un hombre de 47 a\u00f1os hizo el trayecto\u00a0de una provincia a otra \u00fanicamente para asesinar a su ex mujer de 39 a\u00f1os y madre de sus seis descendientes. La ultim\u00f3\u00a0a pu\u00f1aladas en el patio de su casa. Vecinos de la cuadra de la capital correntina\u00a0lo atraparon y qued\u00f3 detenido.<\/em><\/p>\n<p>Un hom\u00adbre que via\u00adj\u00f3 des\u00adde la pro\u00advin\u00adcia de Cha\u00adco a la ca\u00adpi\u00adtal de Co\u00adrrien\u00adtes ma\u00adt\u00f3 el jueves\u00a0de m\u00fal\u00adti\u00adples pu\u00ad\u00f1a\u00adla\u00addas a su ex mu\u00adjer y ma\u00addre de sus seis hi\u00adjos, en el pa\u00adtio de su propia\u00a0ca\u00adsa.<\/p>\n<p>La v\u00edc\u00adti\u00adma del nue\u00advo ca\u00adso de fe\u00admi\u00adci\u00addio fue iden\u00adti\u00adfi\u00adca\u00adda co\u00admo<strong> Gla\u00addis Be\u00ada\u00adtriz Re\u00adbo\u00adle\u00addo<\/strong>, de 39 a\u00f1os.<\/p>\n<p>Por el cri\u00admen re\u00adsul\u00adt\u00f3 de\u00adte\u00adni\u00addo <strong>Car\u00adlos de Je\u00ads\u00fas Bri\u00adzue\u00adla<\/strong>, de 47 a\u00f1os. Lo atra\u00adpa\u00adron efec\u00adti\u00advos de la co\u00admi\u00adsa\u00adr\u00eda 12\u00b0\u00a0con ayu\u00adda de ve\u00adci\u00adnos cuan\u00addo in\u00adten\u00adta\u00adba ale\u00adjar\u00adse del es\u00adce\u00adna\u00adrio del de\u00adli\u00adto.<\/p>\n<p>De acuer\u00addo a fuen\u00adtes po\u00adli\u00adcia\u00adles con\u00adsul\u00adta\u00addas por <em>Dia\u00adrio Epo\u00adca<\/em> de Corrientes, po\u00adco an\u00adtes del me\u00addio\u00add\u00eda Bri\u00adzue\u00adla lle\u00adg\u00f3 des\u00adde la ve\u00adci\u00adna pro\u00advin\u00adcia don\u00adde tie\u00adne su do\u00admi\u00adci\u00adlio. Al lle\u00adgar a la ca\u00adsa que Re\u00adbo\u00adle\u00addo ha\u00adbi\u00adta\u00adba jun\u00adto a su ma\u00addre y otros fa\u00admi\u00adlia\u00adres, en ca\u00adlle Ga\u00adto y Man\u00adcha sin n\u00fa\u00adme\u00adro, a tres cua\u00addras al Oes\u00adte de ave\u00adni\u00adda J.R.Vi\u00addal del ba\u00adrrio Vi\u00adlla Pa\u00adto\u00adno, pi\u00addi\u00f3<em> \u201cha\u00adblar\u201d <\/em>con su ex con\u00adcu\u00adbi\u00adna. La char\u00adla\u00a0se trans\u00adfor\u00adm\u00f3 en una dis\u00adcu\u00adsi\u00f3n muy fuer\u00adte por la ex sue\u00adgra de Bri\u00adzue\u00adla.<\/p>\n<p>Ve\u00adci\u00adnos, al tan\u00adto del al\u00adter\u00adca\u00addo, die\u00adron avi\u00adso a la Po\u00adli\u00adc\u00eda ya te\u00admien\u00addo que la si\u00adtua\u00adci\u00f3n pa\u00adsa\u00adra a ma\u00adyo\u00adres. En la par\u00adte pos\u00adte\u00adrior de la vi\u00advien\u00adda, pre\u00adci\u00adsa\u00admen\u00adte en un pa\u00adtio, el hom\u00adbre ex\u00adtra\u00adjo de la cin\u00adtu\u00adra un cu\u00adchi\u00adllo ti\u00adpo car\u00adni\u00adce\u00adro de man\u00adgo blan\u00adco y co\u00adme\u00adti\u00f3 el ata\u00adque fu\u00adri\u00adbun\u00addo.<\/p>\n<p>El au\u00adtor del cri\u00admen prac\u00adti\u00adc\u00f3 una fu\u00adga fa\u00adlli\u00adda an\u00adtes de ser al\u00adcan\u00adza\u00addo y re\u00addu\u00adci\u00addo a po\u00adca dis\u00adtan\u00adcia. En el tra\u00adyec\u00adto arro\u00adj\u00f3 el cu\u00adchi\u00adllo so\u00adbre el sue\u00adlo, en una zo\u00adna don\u00adde exis\u00adte un mi\u00adni\u00adba\u00adsu\u00adral.<\/p>\n<p>Ve\u00adci\u00adnos co\u00admen\u00adza\u00adron a aglo\u00adme\u00adrar\u00adse pi\u00addien\u00addo au\u00adxi\u00adlio pa\u00adra la mu\u00adjer que es\u00adta\u00adba to\u00adda\u00adv\u00eda con sig\u00adnos vi\u00adta\u00adles, de\u00adsan\u00adgr\u00e1n\u00addo\u00adse.<\/p>\n<p>Seg\u00fan narraron, la pareja ten\u00eda 6 hijos en com\u00fan. Pero en el momento del ataque solo se encontraban uno de 10 y otro de 7 a\u00f1os.<\/p>\n","protected":false},"excerpt":{"rendered":"<p>Un hombre de 47 a\u00f1os hizo el trayecto\u00a0de una provincia a otra \u00fanicamente para asesinar a su ex mujer de 39 a\u00f1os y madre de sus seis descendientes. La ultim\u00f3\u00a0a pu\u00f1aladas en el patio de su casa. Vecinos de la cuadra de la capital correntina\u00a0lo atraparon y qued\u00f3 detenido. Un hom\u00adbre que via\u00adj\u00f3 des\u00adde la&hellip;<\/p>\n","protected":false},"author":1,"featured_media":0,"comment_status":"open","ping_status":"open","sticky":false,"template":"","format":"standard","meta":{"footnotes":""},"categories":[22],"tags":[21621,255,281,21620],"class_list":["post-52056","post","type-post","status-publish","format-standard","hentry","category-policiales","tag-carlos-de-jesus-brizuela","tag-chaco","tag-corrientes","tag-gladis-beatriz-reboledo"],"_links":{"self":[{"href":"https:\/\/www.elsindical.com.ar\/notas\/wp-json\/wp\/v2\/posts\/52056","targetHints":{"allow":["GET"]}}],"collection":[{"href":"https:\/\/www.elsindical.com.ar\/notas\/wp-json\/wp\/v2\/posts"}],"about":[{"href":"https:\/\/www.elsindical.com.ar\/notas\/wp-json\/wp\/v2\/types\/post"}],"author":[{"embeddable":true,"href":"https:\/\/www.elsindical.com.ar\/notas\/wp-json\/wp\/v2\/users\/1"}],"replies":[{"embeddable":true,"href":"https:\/\/www.elsindical.com.ar\/notas\/wp-json\/wp\/v2\/comments?post=52056"}],"version-history":[{"count":1,"href":"https:\/\/www.elsindical.com.ar\/notas\/wp-json\/wp\/v2\/posts\/52056\/revisions"}],"predecessor-version":[{"id":52058,"href":"https:\/\/www.elsindical.com.ar\/notas\/wp-json\/wp\/v2\/posts\/52056\/revisions\/52058"}],"wp:attachment":[{"href":"https:\/\/www.elsindical.com.ar\/notas\/wp-json\/wp\/v2\/media?parent=52056"}],"wp:term":[{"taxonomy":"category","embeddable":true,"href":"https:\/\/www.elsindical.com.ar\/notas\/wp-json\/wp\/v2\/categories?post=52056"},{"taxonomy":"post_tag","embeddable":true,"href":"https:\/\/www.elsindical.com.ar\/notas\/wp-json\/wp\/v2\/tags?post=52056"}],"curies":[{"name":"wp","href":"https:\/\/api.w.org\/{rel}","templated":true}]}}