{"id":52044,"date":"2015-06-19T09:27:01","date_gmt":"2015-06-19T12:27:01","guid":{"rendered":"http:\/\/www.elsindical.com.ar\/notas\/?p=52044"},"modified":"2015-06-19T09:27:01","modified_gmt":"2015-06-19T12:27:01","slug":"motochorros-en-avellaneda-centro","status":"publish","type":"post","link":"https:\/\/www.elsindical.com.ar\/notas\/motochorros-en-avellaneda-centro\/","title":{"rendered":"Motochorros en Avellaneda Centro"},"content":{"rendered":"<p><a href=\"http:\/\/www.elsindical.com.ar\/notas\/var\/www\/html\/notas\/wp-content\/uploads\/2015\/06\/Maipu-y-Col\u00f3n.jpg\"><img loading=\"lazy\" decoding=\"async\" class=\"alignnone size-medium wp-image-52045\" src=\"http:\/\/www.elsindical.com.ar\/notas\/var\/www\/html\/notas\/wp-content\/uploads\/2015\/06\/Maipu-y-Col\u00f3n-300x192.jpg\" alt=\"Maipu-y-Col\u00f3n\" width=\"300\" height=\"192\" srcset=\"https:\/\/www.elsindical.com.ar\/notas\/var\/www\/html\/notas\/wp-content\/uploads\/2015\/06\/Maipu-y-Col\u00f3n-300x192.jpg 300w, https:\/\/www.elsindical.com.ar\/notas\/var\/www\/html\/notas\/wp-content\/uploads\/2015\/06\/Maipu-y-Col\u00f3n-468x300.jpg 468w, https:\/\/www.elsindical.com.ar\/notas\/var\/www\/html\/notas\/wp-content\/uploads\/2015\/06\/Maipu-y-Col\u00f3n.jpg 738w\" sizes=\"auto, (max-width: 300px) 100vw, 300px\" \/><\/a>\u00a0 <em>Vecinos de Avellaneda se encuentran en alerta y preocupados por la presencia de motochorros en el radio de Avellaneda Centro, donde se han producido varios hechos policiales, el \u00faltimo y m\u00e1s resonante en la intersecci\u00f3n de las calles Maip\u00fa y Col\u00f3n, la esquina de la propia Jefatura Distrital de Avellaneda.<\/em><\/p>\n<p>El jueves 18 de junio cerca del mediod\u00eda, un hombre que hab\u00eda retirado de un banco local la suma de 200 mil pesos fue asaltado por delincuentes a punta de pistola al descender de su veh\u00edculo y robarle su malet\u00edn donde llevaba el dinero, se cree que lo siguieron desde el banco hasta el lugar.<\/p>\n<p>No es este el \u00fanico caso que los vecinos denuncian y que los tiene en estado de alerta por todo lo que ocurre en la zona, donde parece que la polic\u00eda no ha podido a\u00fan dar con los responsables de los \u00faltimos hechos.<\/p>\n","protected":false},"excerpt":{"rendered":"<p>\u00a0 Vecinos de Avellaneda se encuentran en alerta y preocupados por la presencia de motochorros en el radio de Avellaneda Centro, donde se han producido varios hechos policiales, el \u00faltimo y m\u00e1s resonante en la intersecci\u00f3n de las calles Maip\u00fa y Col\u00f3n, la esquina de la propia Jefatura Distrital de Avellaneda. El jueves 18 de&hellip;<\/p>\n","protected":false},"author":1,"featured_media":0,"comment_status":"open","ping_status":"open","sticky":false,"template":"","format":"standard","meta":{"footnotes":""},"categories":[6],"tags":[20750,123,6317,30,116],"class_list":["post-52044","post","type-post","status-publish","format-standard","hentry","category-denuncias","tag-avellaneda-centro","tag-dinero","tag-jefatura-distrital","tag-policia","tag-robo"],"_links":{"self":[{"href":"https:\/\/www.elsindical.com.ar\/notas\/wp-json\/wp\/v2\/posts\/52044","targetHints":{"allow":["GET"]}}],"collection":[{"href":"https:\/\/www.elsindical.com.ar\/notas\/wp-json\/wp\/v2\/posts"}],"about":[{"href":"https:\/\/www.elsindical.com.ar\/notas\/wp-json\/wp\/v2\/types\/post"}],"author":[{"embeddable":true,"href":"https:\/\/www.elsindical.com.ar\/notas\/wp-json\/wp\/v2\/users\/1"}],"replies":[{"embeddable":true,"href":"https:\/\/www.elsindical.com.ar\/notas\/wp-json\/wp\/v2\/comments?post=52044"}],"version-history":[{"count":1,"href":"https:\/\/www.elsindical.com.ar\/notas\/wp-json\/wp\/v2\/posts\/52044\/revisions"}],"predecessor-version":[{"id":52046,"href":"https:\/\/www.elsindical.com.ar\/notas\/wp-json\/wp\/v2\/posts\/52044\/revisions\/52046"}],"wp:attachment":[{"href":"https:\/\/www.elsindical.com.ar\/notas\/wp-json\/wp\/v2\/media?parent=52044"}],"wp:term":[{"taxonomy":"category","embeddable":true,"href":"https:\/\/www.elsindical.com.ar\/notas\/wp-json\/wp\/v2\/categories?post=52044"},{"taxonomy":"post_tag","embeddable":true,"href":"https:\/\/www.elsindical.com.ar\/notas\/wp-json\/wp\/v2\/tags?post=52044"}],"curies":[{"name":"wp","href":"https:\/\/api.w.org\/{rel}","templated":true}]}}