{"id":52041,"date":"2015-06-19T08:58:36","date_gmt":"2015-06-19T11:58:36","guid":{"rendered":"http:\/\/www.elsindical.com.ar\/notas\/?p=52041"},"modified":"2015-06-19T08:58:36","modified_gmt":"2015-06-19T11:58:36","slug":"moreno-asesinaron-a-un-bombero-de-18-anos-en-un-intento-de-robo","status":"publish","type":"post","link":"https:\/\/www.elsindical.com.ar\/notas\/moreno-asesinaron-a-un-bombero-de-18-anos-en-un-intento-de-robo\/","title":{"rendered":"Moreno: Asesinaron a un bombero de 18 a\u00f1os en un intento de robo"},"content":{"rendered":"<p class=\"p1 newDetailTextChange\"><em><a href=\"http:\/\/www.elsindical.com.ar\/notas\/var\/www\/html\/notas\/wp-content\/uploads\/2015\/06\/V\u00edctor-Orellana.jpg\"><img loading=\"lazy\" decoding=\"async\" class=\"alignnone size-medium wp-image-52042\" src=\"http:\/\/www.elsindical.com.ar\/notas\/var\/www\/html\/notas\/wp-content\/uploads\/2015\/06\/V\u00edctor-Orellana-300x171.jpg\" alt=\"V\u00edctor-Orellana\" width=\"300\" height=\"171\" srcset=\"https:\/\/www.elsindical.com.ar\/notas\/var\/www\/html\/notas\/wp-content\/uploads\/2015\/06\/V\u00edctor-Orellana-300x171.jpg 300w, https:\/\/www.elsindical.com.ar\/notas\/var\/www\/html\/notas\/wp-content\/uploads\/2015\/06\/V\u00edctor-Orellana-500x284.jpg 500w, https:\/\/www.elsindical.com.ar\/notas\/var\/www\/html\/notas\/wp-content\/uploads\/2015\/06\/V\u00edctor-Orellana.jpg 531w\" sizes=\"auto, (max-width: 300px) 100vw, 300px\" \/><\/a>Sucedi\u00f3 en la localidad bonaerense de Moreno. La v\u00edctima fue sorprendida por cuatro delincuentes cuando se dirig\u00eda de la escuela al cuartel. Como se resisti\u00f3, uno de los ladrones le dio un puntazo en el cuello.<\/em><\/p>\n<p class=\"p1 newDetailTextChange\">Un <b>bombero voluntario de 18 a\u00f1os<\/b> fue asesinado de una cuchillada en el cuello durante un intento de asalto, cuando sal\u00eda de la escuela, en la localidad bonaerense de Moreno.<\/p>\n<p>Fuentes policiales detallaron que el episodio ocurri\u00f3 la noche del jueves en la esquina de <b>Hip\u00f3lito Yrigoyen y Teniente Ib\u00e1\u00f1ez<\/b>, de esa localidad del oeste bonaerense.<\/p>\n<p>El joven fue identificado como <b>V\u00edctor Orellana<\/b>, quien concurr\u00eda a la la Escuela de Educaci\u00f3n T\u00e9cnica N2 Gendarmer\u00eda Nacional. Al salir de clases, Orellana se dirig\u00eda en compa\u00f1\u00eda de su novia al cuartel de bomberos de Moreno, donde se desempe\u00f1aba como voluntario.<\/p>\n<p>Al llegar a la esquina de <b>Hip\u00f3lito Yrigoyen y Teniente Ib\u00e1\u00f1ez<\/b>, aparecieron cuatro delincuentes e interceptaron a la pareja con fines de robo, seg\u00fan inform\u00f3 el diario local SemanarioActualidad. Aparentemente, el joven bombero intent\u00f3 resistir al atraco, por lo que forceje\u00f3 con uno de los asaltantes, quien lo hiri\u00f3 en el cuello con un arma blanca. Tras la agresi\u00f3n, los delincuentes huyeron del lugar sin concretar el robo.<\/p>\n<p>Por su parte, Orellana fue llevado por su novia hasta el Cuartel Central de Bomberos Voluntarios, ubicado en la intersecci\u00f3n de las calles <b>Zeballos y Alberdi.<\/b> En ese lugar, los compa\u00f1eros del joven lo trasladaron r\u00e1pidamente en una autobomba al Hospital Mariano y Luciano de la Vega, donde falleci\u00f3 a pesar de los esfuerzos de los m\u00e9dicos por salvarlo.<\/p>\n<p>Los voceros policiales consultados indicaron que hasta esta ma\u00f1ana no se hab\u00eda detenido a ninguna persona, aunque <b>se mont\u00f3 un operativo para dar con el paradero de los responsables.<\/b><\/p>\n<p>La causa fue caratulada como \u00abhomicidio\u00bb y tom\u00f3 intervenci\u00f3n en la misma la UFI N 2 del Departamento Judicial Moreno y General Rodr\u00edguez, a cargo de Luisa Potecorvo.<\/p>\n","protected":false},"excerpt":{"rendered":"<p>Sucedi\u00f3 en la localidad bonaerense de Moreno. La v\u00edctima fue sorprendida por cuatro delincuentes cuando se dirig\u00eda de la escuela al cuartel. Como se resisti\u00f3, uno de los ladrones le dio un puntazo en el cuello. Un bombero voluntario de 18 a\u00f1os fue asesinado de una cuchillada en el cuello durante un intento de asalto,&hellip;<\/p>\n","protected":false},"author":1,"featured_media":0,"comment_status":"open","ping_status":"open","sticky":false,"template":"","format":"standard","meta":{"footnotes":""},"categories":[22],"tags":[39,16571,1232,21616],"class_list":["post-52041","post","type-post","status-publish","format-standard","hentry","category-policiales","tag-asesinado","tag-bombero-voluntario","tag-moreno","tag-victor-orellana"],"_links":{"self":[{"href":"https:\/\/www.elsindical.com.ar\/notas\/wp-json\/wp\/v2\/posts\/52041","targetHints":{"allow":["GET"]}}],"collection":[{"href":"https:\/\/www.elsindical.com.ar\/notas\/wp-json\/wp\/v2\/posts"}],"about":[{"href":"https:\/\/www.elsindical.com.ar\/notas\/wp-json\/wp\/v2\/types\/post"}],"author":[{"embeddable":true,"href":"https:\/\/www.elsindical.com.ar\/notas\/wp-json\/wp\/v2\/users\/1"}],"replies":[{"embeddable":true,"href":"https:\/\/www.elsindical.com.ar\/notas\/wp-json\/wp\/v2\/comments?post=52041"}],"version-history":[{"count":1,"href":"https:\/\/www.elsindical.com.ar\/notas\/wp-json\/wp\/v2\/posts\/52041\/revisions"}],"predecessor-version":[{"id":52043,"href":"https:\/\/www.elsindical.com.ar\/notas\/wp-json\/wp\/v2\/posts\/52041\/revisions\/52043"}],"wp:attachment":[{"href":"https:\/\/www.elsindical.com.ar\/notas\/wp-json\/wp\/v2\/media?parent=52041"}],"wp:term":[{"taxonomy":"category","embeddable":true,"href":"https:\/\/www.elsindical.com.ar\/notas\/wp-json\/wp\/v2\/categories?post=52041"},{"taxonomy":"post_tag","embeddable":true,"href":"https:\/\/www.elsindical.com.ar\/notas\/wp-json\/wp\/v2\/tags?post=52041"}],"curies":[{"name":"wp","href":"https:\/\/api.w.org\/{rel}","templated":true}]}}