{"id":52038,"date":"2015-06-19T08:35:53","date_gmt":"2015-06-19T11:35:53","guid":{"rendered":"http:\/\/www.elsindical.com.ar\/notas\/?p=52038"},"modified":"2015-06-19T08:35:53","modified_gmt":"2015-06-19T11:35:53","slug":"florencio-varela-detienen-a-verdulero-boliviano-acusado-de-violar-a-su-hija-desde-los-11-anos","status":"publish","type":"post","link":"https:\/\/www.elsindical.com.ar\/notas\/florencio-varela-detienen-a-verdulero-boliviano-acusado-de-violar-a-su-hija-desde-los-11-anos\/","title":{"rendered":"Florencio Varela: Detienen a verdulero boliviano acusado de violar a su hija desde los 11 a\u00f1os"},"content":{"rendered":"<p><em><a href=\"http:\/\/www.elsindical.com.ar\/notas\/var\/www\/html\/notas\/wp-content\/uploads\/2015\/06\/detenci\u00f3n-violador-Florencio-Varela.jpg\"><img loading=\"lazy\" decoding=\"async\" class=\"alignnone size-medium wp-image-52039\" src=\"http:\/\/www.elsindical.com.ar\/notas\/var\/www\/html\/notas\/wp-content\/uploads\/2015\/06\/detenci\u00f3n-violador-Florencio-Varela-300x168.jpg\" alt=\"detenci\u00f3n-violador-Florencio-Varela\" width=\"300\" height=\"168\" srcset=\"https:\/\/www.elsindical.com.ar\/notas\/var\/www\/html\/notas\/wp-content\/uploads\/2015\/06\/detenci\u00f3n-violador-Florencio-Varela-300x168.jpg 300w, https:\/\/www.elsindical.com.ar\/notas\/var\/www\/html\/notas\/wp-content\/uploads\/2015\/06\/detenci\u00f3n-violador-Florencio-Varela-500x281.jpg 500w, https:\/\/www.elsindical.com.ar\/notas\/var\/www\/html\/notas\/wp-content\/uploads\/2015\/06\/detenci\u00f3n-violador-Florencio-Varela.jpg 620w\" sizes=\"auto, (max-width: 300px) 100vw, 300px\" \/><\/a>En la localidad bonaerense de Florencio Varela, un ciudadano boliviano, que trabajaba como verdulero y alba\u00f1il, fue detenido por los pesquisas policiales al estar acusado de haber violado, durante 5 a\u00f1os, a su hija adolescente.<\/em><\/p>\n<p>Trascendi\u00f3 que el sujeto, de 39 a\u00f1os, fue apresado por los pesquisas policiales de la Delegaci\u00f3n Departamental de Investigaciones de Florencio Varela y de la comisar\u00eda 2a del citado distrito como saldo de un procedimiento realizado en calle 529 al 1.200, entre Algarrobo y Los Olivos, en el sur del conurbano provincial.<\/p>\n<p>El s\u00e1tiro, que fue reducido por el oficial principal<strong> Mart\u00edn Di Giulio<\/strong> y el sargento <strong>Ezequiel Monje<\/strong>, era buscado por haber violado en reiteradas oportunidades a su hija, desde que la v\u00edctima ten\u00eda 11 a\u00f1os. El depravado, que actualmente se desempe\u00f1aba como verdulero y que adem\u00e1s se dedicaba a concretar labores de alba\u00f1iler\u00eda, dej\u00f3 de consumar los tremendos abusos cuando la peque\u00f1a lleg\u00f3 a los 16 a\u00f1os.<\/p>\n<p>De acuerdo a las diversas versiones, la menor finalmente resolvi\u00f3 denunciar a su progenitor luego de haber formado pareja con un muchacho, raz\u00f3n por la cual se inici\u00f3 una investigaci\u00f3n dispuesta por la doctora<strong> Claudia Eugenia Brezovec<\/strong>, fiscal de la Unidad Funcional N\u00b0 8 -especializada en Delitos Sexuales- de Florencio Varela, dependiente del departamento judicial de Quilmes. Al respecto, los servidores p\u00fablicos opinan que habr\u00eda sido el joven quien influy\u00f3 en la damnificada para que dejara la horrenda situaci\u00f3n al descubierto.<\/p>\n<p>Seg\u00fan narraron los voceros, el expediente ha sido caratulado \u201cAbuso sexual con acceso carnal agravado por el v\u00ednculo reiterados\u201d.<\/p>\n","protected":false},"excerpt":{"rendered":"<p>En la localidad bonaerense de Florencio Varela, un ciudadano boliviano, que trabajaba como verdulero y alba\u00f1il, fue detenido por los pesquisas policiales al estar acusado de haber violado, durante 5 a\u00f1os, a su hija adolescente. Trascendi\u00f3 que el sujeto, de 39 a\u00f1os, fue apresado por los pesquisas policiales de la Delegaci\u00f3n Departamental de Investigaciones de&hellip;<\/p>\n","protected":false},"author":1,"featured_media":0,"comment_status":"open","ping_status":"open","sticky":false,"template":"","format":"standard","meta":{"footnotes":""},"categories":[22],"tags":[21615,1307,909,21614,539],"class_list":["post-52038","post","type-post","status-publish","format-standard","hentry","category-policiales","tag-ezequiel-monje","tag-florencio-varela","tag-hija","tag-principal-martin-di-giulio","tag-violador"],"_links":{"self":[{"href":"https:\/\/www.elsindical.com.ar\/notas\/wp-json\/wp\/v2\/posts\/52038","targetHints":{"allow":["GET"]}}],"collection":[{"href":"https:\/\/www.elsindical.com.ar\/notas\/wp-json\/wp\/v2\/posts"}],"about":[{"href":"https:\/\/www.elsindical.com.ar\/notas\/wp-json\/wp\/v2\/types\/post"}],"author":[{"embeddable":true,"href":"https:\/\/www.elsindical.com.ar\/notas\/wp-json\/wp\/v2\/users\/1"}],"replies":[{"embeddable":true,"href":"https:\/\/www.elsindical.com.ar\/notas\/wp-json\/wp\/v2\/comments?post=52038"}],"version-history":[{"count":1,"href":"https:\/\/www.elsindical.com.ar\/notas\/wp-json\/wp\/v2\/posts\/52038\/revisions"}],"predecessor-version":[{"id":52040,"href":"https:\/\/www.elsindical.com.ar\/notas\/wp-json\/wp\/v2\/posts\/52038\/revisions\/52040"}],"wp:attachment":[{"href":"https:\/\/www.elsindical.com.ar\/notas\/wp-json\/wp\/v2\/media?parent=52038"}],"wp:term":[{"taxonomy":"category","embeddable":true,"href":"https:\/\/www.elsindical.com.ar\/notas\/wp-json\/wp\/v2\/categories?post=52038"},{"taxonomy":"post_tag","embeddable":true,"href":"https:\/\/www.elsindical.com.ar\/notas\/wp-json\/wp\/v2\/tags?post=52038"}],"curies":[{"name":"wp","href":"https:\/\/api.w.org\/{rel}","templated":true}]}}