{"id":52007,"date":"2015-06-18T09:19:49","date_gmt":"2015-06-18T12:19:49","guid":{"rendered":"http:\/\/www.elsindical.com.ar\/notas\/?p=52007"},"modified":"2015-06-18T15:42:08","modified_gmt":"2015-06-18T18:42:08","slug":"avellaneda-asesinan-a-vecino-en-gerli-ola-de-delitos-en-la-zona","status":"publish","type":"post","link":"https:\/\/www.elsindical.com.ar\/notas\/avellaneda-asesinan-a-vecino-en-gerli-ola-de-delitos-en-la-zona\/","title":{"rendered":"Avellaneda: Asesinan a vecino en Gerli, ola de delitos en la zona"},"content":{"rendered":"<p><a href=\"http:\/\/www.elsindical.com.ar\/notas\/var\/www\/html\/notas\/wp-content\/uploads\/2015\/06\/Limay-y-De-La-Serna.jpg\"><img loading=\"lazy\" decoding=\"async\" class=\"alignnone size-medium wp-image-52008\" src=\"http:\/\/www.elsindical.com.ar\/notas\/var\/www\/html\/notas\/wp-content\/uploads\/2015\/06\/Limay-y-De-La-Serna-300x183.jpg\" alt=\"Limay-y-De-La-Serna\" width=\"300\" height=\"183\" srcset=\"https:\/\/www.elsindical.com.ar\/notas\/var\/www\/html\/notas\/wp-content\/uploads\/2015\/06\/Limay-y-De-La-Serna-300x183.jpg 300w, https:\/\/www.elsindical.com.ar\/notas\/var\/www\/html\/notas\/wp-content\/uploads\/2015\/06\/Limay-y-De-La-Serna-491x300.jpg 491w, https:\/\/www.elsindical.com.ar\/notas\/var\/www\/html\/notas\/wp-content\/uploads\/2015\/06\/Limay-y-De-La-Serna.jpg 620w\" sizes=\"auto, (max-width: 300px) 100vw, 300px\" \/><\/a><em>Tal como lo ve\u00edamos publicando en exclusiva, recibiendo las llamadas y comentarios de los vecinos de Gerli, desde hace meses, esta localidad de Avellaneda, se transform\u00f3 en una zona liberada para el delito, motochorros que van y vienen, muchos conocidos por los polic\u00edas que dicen no poder hacer nada. Ahora un homicidio.<\/em><\/p>\n<p>Varios delincuentes asesinaron salvajemente a balazos a un joven, porque se resisti\u00f3 a que le robaran una motocicleta. El cruento suceso se registr\u00f3 en la localidad bonaerense de Gerli, en el partido de Avellaneda y los marginales lograron darse a la fuga.<\/p>\n<p>Los voceros revelaron\u00a0que este tremendo hecho se produjo en el cruce de Jos\u00e9 Mart\u00edn de La Serna y Limay, a escasos metros de la plaza Doctor Ricardo Blanco, y a 3 cuadras\u00a0de las v\u00edas del Ferrocarril General Roca.<\/p>\n<p>En este lugar, el grupo de sujetos intercept\u00f3 al muchacho Jes\u00fas Amilcar Castro (32), \u00a0y le exigi\u00f3 la entrega del rodado.<\/p>\n<p>Pero la v\u00edctima se habr\u00eda resistido al il\u00edcito, motivo por el cual uno de estos individuos, que portaba una pistola 22 largo, no dud\u00f3 en efectuarle, a escasa distancia, un balazo en el t\u00f3rax, cerca de uno de los hombros. El muchacho dej\u00f3 de existir a ra\u00edz de sus heridas. Los individuos huyeron con gran rapidez, llev\u00e1ndose la motocicleta del damnificado.<\/p>\n<p>Ahora los pesquisas policiales de la comisar\u00eda de Gerli (6\u00aa de Avellaneda) procuran localizar a los responsables del crimen, a la vez que intentan averiguar si el joven conoc\u00eda a los victimarios.<\/p>\n<p>Trascendi\u00f3 que en poder del fallecido se incautaron un tel\u00e9fono celular, una tarjeta SUBE y 65 pesos.<\/p>\n<p>Intervino investigando el caso\u00a0el fiscal Elbio Laborde, a cargo de la Unidad Funcional de Instrucci\u00f3n (UFI) 3 descentralizada en Avellaneda en la causa, que fue caratulada \u201cHomicidio\u201d, los funcionarios pertenecientes al departamento judicial de Lomas de Zamora.<\/p>\n<p><a href=\"http:\/\/www.elsindical.com.ar\/notas\/var\/www\/html\/notas\/wp-content\/uploads\/2015\/06\/asesinato-en-Gerli.jpg\"><img loading=\"lazy\" decoding=\"async\" class=\"alignnone size-medium wp-image-52024\" src=\"http:\/\/www.elsindical.com.ar\/notas\/var\/www\/html\/notas\/wp-content\/uploads\/2015\/06\/asesinato-en-Gerli-225x300.jpg\" alt=\"asesinato-en-Gerli\" width=\"225\" height=\"300\" srcset=\"https:\/\/www.elsindical.com.ar\/notas\/var\/www\/html\/notas\/wp-content\/uploads\/2015\/06\/asesinato-en-Gerli-225x300.jpg 225w, https:\/\/www.elsindical.com.ar\/notas\/var\/www\/html\/notas\/wp-content\/uploads\/2015\/06\/asesinato-en-Gerli.jpg 531w\" sizes=\"auto, (max-width: 225px) 100vw, 225px\" \/><\/a><\/p>\n","protected":false},"excerpt":{"rendered":"<p>Tal como lo ve\u00edamos publicando en exclusiva, recibiendo las llamadas y comentarios de los vecinos de Gerli, desde hace meses, esta localidad de Avellaneda, se transform\u00f3 en una zona liberada para el delito, motochorros que van y vienen, muchos conocidos por los polic\u00edas que dicen no poder hacer nada. Ahora un homicidio. Varios delincuentes asesinaron&hellip;<\/p>\n","protected":false},"author":1,"featured_media":0,"comment_status":"open","ping_status":"open","sticky":false,"template":"","format":"standard","meta":{"footnotes":""},"categories":[22],"tags":[461,16163,894,1662,2329],"class_list":["post-52007","post","type-post","status-publish","format-standard","hentry","category-policiales","tag-avellaneda","tag-comisaria-6ta","tag-disparos","tag-gerli","tag-homicidio"],"_links":{"self":[{"href":"https:\/\/www.elsindical.com.ar\/notas\/wp-json\/wp\/v2\/posts\/52007","targetHints":{"allow":["GET"]}}],"collection":[{"href":"https:\/\/www.elsindical.com.ar\/notas\/wp-json\/wp\/v2\/posts"}],"about":[{"href":"https:\/\/www.elsindical.com.ar\/notas\/wp-json\/wp\/v2\/types\/post"}],"author":[{"embeddable":true,"href":"https:\/\/www.elsindical.com.ar\/notas\/wp-json\/wp\/v2\/users\/1"}],"replies":[{"embeddable":true,"href":"https:\/\/www.elsindical.com.ar\/notas\/wp-json\/wp\/v2\/comments?post=52007"}],"version-history":[{"count":4,"href":"https:\/\/www.elsindical.com.ar\/notas\/wp-json\/wp\/v2\/posts\/52007\/revisions"}],"predecessor-version":[{"id":52026,"href":"https:\/\/www.elsindical.com.ar\/notas\/wp-json\/wp\/v2\/posts\/52007\/revisions\/52026"}],"wp:attachment":[{"href":"https:\/\/www.elsindical.com.ar\/notas\/wp-json\/wp\/v2\/media?parent=52007"}],"wp:term":[{"taxonomy":"category","embeddable":true,"href":"https:\/\/www.elsindical.com.ar\/notas\/wp-json\/wp\/v2\/categories?post=52007"},{"taxonomy":"post_tag","embeddable":true,"href":"https:\/\/www.elsindical.com.ar\/notas\/wp-json\/wp\/v2\/tags?post=52007"}],"curies":[{"name":"wp","href":"https:\/\/api.w.org\/{rel}","templated":true}]}}