{"id":51978,"date":"2015-06-16T22:24:10","date_gmt":"2015-06-17T01:24:10","guid":{"rendered":"http:\/\/www.elsindical.com.ar\/notas\/?p=51978"},"modified":"2015-06-16T22:24:10","modified_gmt":"2015-06-17T01:24:10","slug":"cordoba-detienen-ex-convicto-por-el-asesinato-de-andrea-castana","status":"publish","type":"post","link":"https:\/\/www.elsindical.com.ar\/notas\/cordoba-detienen-ex-convicto-por-el-asesinato-de-andrea-castana\/","title":{"rendered":"C\u00f3rdoba: Detienen ex convicto por el asesinato de Andrea Castana"},"content":{"rendered":"<p><em><a href=\"http:\/\/www.elsindical.com.ar\/notas\/var\/www\/html\/notas\/wp-content\/uploads\/2015\/06\/Andrea-Castana.jpg\"><img loading=\"lazy\" decoding=\"async\" class=\"alignnone size-medium wp-image-51979\" src=\"http:\/\/www.elsindical.com.ar\/notas\/var\/www\/html\/notas\/wp-content\/uploads\/2015\/06\/Andrea-Castana-300x216.jpg\" alt=\"Andrea-Castana\" width=\"300\" height=\"216\" srcset=\"https:\/\/www.elsindical.com.ar\/notas\/var\/www\/html\/notas\/wp-content\/uploads\/2015\/06\/Andrea-Castana-300x216.jpg 300w, https:\/\/www.elsindical.com.ar\/notas\/var\/www\/html\/notas\/wp-content\/uploads\/2015\/06\/Andrea-Castana-416x300.jpg 416w, https:\/\/www.elsindical.com.ar\/notas\/var\/www\/html\/notas\/wp-content\/uploads\/2015\/06\/Andrea-Castana.jpg 502w\" sizes=\"auto, (max-width: 300px) 100vw, 300px\" \/><\/a>Ya tendr\u00eda al cinco condenas previas. La \u00faltima se habr\u00eda cumplido semanas antes que se produjera el tr\u00e1gico episodio que tuvo como v\u00edctima a la chica a la que hallaron en el cerro La Cruz.\u00a0\u00a0\u00a0\u00a0\u00a0\u00a0\u00a0\u00a0\u00a0\u00a0<\/em><\/p>\n<p>Un sujeto de 47 a\u00f1os habr\u00eda sido detenido en las \u00faltimas horas por su presunta vinculaci\u00f3n con el crimen de Andrea Bel\u00e9n Castana, la mujer asesinada en el cerro La Cruz de la ciudad de Villa Carlos Paz.<\/p>\n<p>Seg\u00fan trascendi\u00f3 de fuentes judiciales, el sujeto fue aprehendido en medio de un operativo en el marco de las pesquisas que dirige la fiscal general adjunta Alejandra Hilmann.<\/p>\n<p>El sujeto ser\u00eda un ex convicto que ya tendr\u00eda al cinco condenas previas. La \u00faltima se habr\u00eda cumplido semanas antes que se produjera el tr\u00e1gico episodio que tuvo como v\u00edctima a Andrea.<\/p>\n<p>El individuo fue imputado de los supuestos delitos de \u00abrobo\u00bb, \u00ababuso sexual con acceso carnal\u00bb y \u00abhomicidio criminis causa\u00bb.<\/p>\n<p>La polic\u00eda concretaba esta ma\u00f1ana nuevos allanamientos en busca al menos de dos sujetos que habr\u00edan actuado de c\u00f3mplices. \u00abEstar\u00edan identificados y son buscados intensamente\u00bb, indicaron fuentes consultadas.<\/p>\n<p>Andrea Bel\u00e9n Castana (35) desapareci\u00f3 el mi\u00e9rcoles 11 de marzo, en horas de la siesta, luego que comenzar\u00e1 el descenso del cerro.<\/p>\n<p>Su cuerpo sin vida fue hallado cincuenta horas despu\u00e9s en el mismo paseo tur\u00edstico, con signos de haber sido abusada y estrangulada.<\/p>\n<p>Por el caso hab\u00edan sido detenidos e imputados el ex marido de Castana, y dos vecinos de la ciudad que hab\u00edan participado de la b\u00fasqueda de la mujer.<\/p>\n<p>La intromisi\u00f3n de la fiscal Hilmann en las pesquisas, en medio de numerosos cuestionamientos al trabajo del fiscal de instrucci\u00f3n Ricardo Mazzucchi, le dio un impulso al trabajo de las pesquisas, que hoy podr\u00edan llegar a buen puerto.<\/p>\n<p>La nueva teor\u00eda es que la v\u00edctima, madre de dos hijos, fue v\u00edctima de un ataque sexual, cuyo agresor le habr\u00eda robado alguna pertenencia, y tras lo que resolvi\u00f3 quitarle la vida ahorc\u00e1ndola con sus propias manos.<\/p>\n<p>El caso sacudi\u00f3 Villa Carlos Paz, que ya se hab\u00eda movilizado en numerosas ocasiones reclamando una pronta resoluci\u00f3n del misterio.<\/p>\n","protected":false},"excerpt":{"rendered":"<p>Ya tendr\u00eda al cinco condenas previas. La \u00faltima se habr\u00eda cumplido semanas antes que se produjera el tr\u00e1gico episodio que tuvo como v\u00edctima a la chica a la que hallaron en el cerro La Cruz.\u00a0\u00a0\u00a0\u00a0\u00a0\u00a0\u00a0\u00a0\u00a0\u00a0 Un sujeto de 47 a\u00f1os habr\u00eda sido detenido en las \u00faltimas horas por su presunta vinculaci\u00f3n con el crimen de&hellip;<\/p>\n","protected":false},"author":1,"featured_media":0,"comment_status":"open","ping_status":"open","sticky":false,"template":"","format":"standard","meta":{"footnotes":""},"categories":[22],"tags":[21013,21604,12701],"class_list":["post-51978","post","type-post","status-publish","format-standard","hentry","category-policiales","tag-andrea-belen-castana","tag-cerro-la-cruz","tag-villa-carlos-paz"],"_links":{"self":[{"href":"https:\/\/www.elsindical.com.ar\/notas\/wp-json\/wp\/v2\/posts\/51978","targetHints":{"allow":["GET"]}}],"collection":[{"href":"https:\/\/www.elsindical.com.ar\/notas\/wp-json\/wp\/v2\/posts"}],"about":[{"href":"https:\/\/www.elsindical.com.ar\/notas\/wp-json\/wp\/v2\/types\/post"}],"author":[{"embeddable":true,"href":"https:\/\/www.elsindical.com.ar\/notas\/wp-json\/wp\/v2\/users\/1"}],"replies":[{"embeddable":true,"href":"https:\/\/www.elsindical.com.ar\/notas\/wp-json\/wp\/v2\/comments?post=51978"}],"version-history":[{"count":1,"href":"https:\/\/www.elsindical.com.ar\/notas\/wp-json\/wp\/v2\/posts\/51978\/revisions"}],"predecessor-version":[{"id":51980,"href":"https:\/\/www.elsindical.com.ar\/notas\/wp-json\/wp\/v2\/posts\/51978\/revisions\/51980"}],"wp:attachment":[{"href":"https:\/\/www.elsindical.com.ar\/notas\/wp-json\/wp\/v2\/media?parent=51978"}],"wp:term":[{"taxonomy":"category","embeddable":true,"href":"https:\/\/www.elsindical.com.ar\/notas\/wp-json\/wp\/v2\/categories?post=51978"},{"taxonomy":"post_tag","embeddable":true,"href":"https:\/\/www.elsindical.com.ar\/notas\/wp-json\/wp\/v2\/tags?post=51978"}],"curies":[{"name":"wp","href":"https:\/\/api.w.org\/{rel}","templated":true}]}}