{"id":51921,"date":"2015-06-15T13:53:34","date_gmt":"2015-06-15T16:53:34","guid":{"rendered":"http:\/\/www.elsindical.com.ar\/notas\/?p=51921"},"modified":"2015-06-16T00:28:00","modified_gmt":"2015-06-16T03:28:00","slug":"el-indico-solari-revelo-que-esta-enfermo-y-que-no-hara-recitales","status":"publish","type":"post","link":"https:\/\/www.elsindical.com.ar\/notas\/el-indico-solari-revelo-que-esta-enfermo-y-que-no-hara-recitales\/","title":{"rendered":"El Indico Solari revel\u00f3 que est\u00e1 enfermo y que no har\u00e1 recitales"},"content":{"rendered":"<p><em><a href=\"http:\/\/www.elsindical.com.ar\/notas\/var\/www\/html\/notas\/wp-content\/uploads\/2013\/07\/Indio-Solari-recital.jpg\"><img loading=\"lazy\" decoding=\"async\" class=\"alignnone size-medium wp-image-36465\" src=\"http:\/\/www.elsindical.com.ar\/notas\/var\/www\/html\/notas\/wp-content\/uploads\/2013\/07\/Indio-Solari-recital-300x164.jpg\" alt=\"Indio-Solari-recital\" width=\"300\" height=\"164\" srcset=\"https:\/\/www.elsindical.com.ar\/notas\/var\/www\/html\/notas\/wp-content\/uploads\/2013\/07\/Indio-Solari-recital-300x164.jpg 300w, https:\/\/www.elsindical.com.ar\/notas\/var\/www\/html\/notas\/wp-content\/uploads\/2013\/07\/Indio-Solari-recital-500x273.jpg 500w, https:\/\/www.elsindical.com.ar\/notas\/var\/www\/html\/notas\/wp-content\/uploads\/2013\/07\/Indio-Solari-recital.jpg 502w\" sizes=\"auto, (max-width: 300px) 100vw, 300px\" \/><\/a>El ex l\u00edder de Patricio Rey y sus Redonditos de Ricota habl\u00f3 con Mario Pergolini en su programa de radio Vorterix, Tenemos Malas Noticias.<\/em><\/p>\n<p><span class=\"credito \">Cr\u00e9dito: T\u00e9lam<\/span> <b>Carlos \u00abIndio\u00bb Solari <\/b>rompi\u00f3 el silencio luego de varios a\u00f1os sin dar reportajes. El hist\u00f3rico l\u00edder de <b>Patricio Rey y sus Redonditos de Ricota<\/b> y actual cantante de <b>Los Fundamentalistas del Aire Acondicionado<\/b> inform\u00f3 que <b>est\u00e1 enfermo<\/b> y que por un tiempo estar\u00e1 alejado de los escenarios.<\/p>\n<div>\u00ab<b>Tengo una enfermedad que hay que tener en cuenta. No es c\u00e1ncer ni sida<\/b>\u00ab, declar\u00f3 en di\u00e1logo con <b>Mario Pergolini<\/b> en<i> Vorterix. <\/i>El <i>frontman <\/i>de una de las bandas m\u00e1s populares de la historia del rock argentino evit\u00f3 dar m\u00e1s precisiones sobre su salud y se limit\u00f3 a contar que hay d\u00edas que sufre mucho dolor.<\/div>\n<div><\/div>\n<div>\u00ab<b>Hay d\u00edas que me quiero matar y hay d\u00edas que ni se nota. Hay dolor, hay malhumor&#8230;Es la vida. Y esto es una cagada: he visto sufrir a la gente de una manera inmerecida. No tengo miedo. La curiosidad es m\u00e1s grande que el miedo<\/b>\u00ab, revel\u00f3 Solari.<\/div>\n<div><\/div>\n<div>\n<div>Pese a los dolores, el artista continuar\u00e1 produciendo contenidos. <b>Su equipo est\u00e1 trabajando en los \u00faltimos detalles de una pel\u00edcula que reflejar\u00e1 lo que fue el lanzamiento de su segundo disco solista, <i>Porco Rex<\/i><\/b>. El lanzamiento representa toda una novedad para un m\u00fasico que hist\u00f3ricamente le ha escapado a las c\u00e1maras. <b>El estreno ser\u00e1 el 19 de agosto 2015 y en la primera etapa se exhibir\u00e1 en el Luna Park.<\/b> En la charla con Pergolini confes\u00f3: \u00abNo vi la pel\u00edcula completa todav\u00eda\u00bb.<\/div>\n<\/div>\n<div><\/div>\n<div>\n<div>\u00ab\u00bfPens\u00e1s que vas a volver a tocar en vivo?\u00bb, pregunt\u00f3 Pergolini. \u00abS\u00ed, aunque sea un \u00faltimo concierto para despedirme voy a realizar\u00bb, contest\u00f3 el m\u00fasico argentino m\u00e1s convocante de la actualidad. La \u00faltima presentaci\u00f3n fue el 13 de diciembre en Mendoza ante 100 mil personas.<\/div>\n<div><\/div>\n<div>Adem\u00e1s <b>est\u00e1 escribiendo una biograf\u00eda que repasa historias hasta hoy desconocidas de su vida y de su carrera. \u00abSaco las memorias porque salieron un mont\u00f3n de libros que dicen cada pelotudez\u00bb, explic\u00f3<\/b>. Otra publicaci\u00f3n de Solari ser\u00e1 un libro de ilustraciones.<\/div>\n<div><\/div>\n<div>Su rol como compositor tambi\u00e9n estuvo presente y critic\u00f3 la postura de varios colegas y fan\u00e1ticos que no buscan nuevos sonidos. \u00abEs agotador ser esclavo de un g\u00e9nero que si cambiaste dos acordes ya traicionaste\u00bb, defini\u00f3 y <b>revel\u00f3 cu\u00e1l era su canci\u00f3n favorita: \u00abA mi me gustan los temas intr\u00e9pidos y aventureros, como &#8216;Pensando como una acelga\u00bb.<\/b><\/div>\n<\/div>\n<div><\/div>\n<div>Fuentes cercanas al m\u00fasico revelaron que hace unos 6 a\u00f1os se le diagn\u00f3stico Parkinson.<\/div>\n<div><\/div>\n<div>El mal de Parkinson es una enfermedad neurodegenerativa cr\u00f3nica. Sus s\u00edntomas m\u00e1s comunes (y m\u00e1s visibles) son la alteraci\u00f3n de la motricidad fina, los <b>temblores<\/b>, la rigidez muscular y la alteraci\u00f3n de la postura, entre otros. Pero adem\u00e1s, la dolencia incluye otros s\u00edntomas no tan evidentes: depresi\u00f3n, ansiedad, apat\u00eda, trastornos del sue\u00f1o, alteraciones sensoriales, <b>dolores en las articulaciones, cefal\u00e9as y lumbalgias<\/b>.<\/div>\n","protected":false},"excerpt":{"rendered":"<p>El ex l\u00edder de Patricio Rey y sus Redonditos de Ricota habl\u00f3 con Mario Pergolini en su programa de radio Vorterix, Tenemos Malas Noticias. Cr\u00e9dito: T\u00e9lam Carlos \u00abIndio\u00bb Solari rompi\u00f3 el silencio luego de varios a\u00f1os sin dar reportajes. El hist\u00f3rico l\u00edder de Patricio Rey y sus Redonditos de Ricota y actual cantante de Los&hellip;<\/p>\n","protected":false},"author":1,"featured_media":0,"comment_status":"open","ping_status":"open","sticky":false,"template":"","format":"standard","meta":{"footnotes":""},"categories":[15],"tags":[17063,17051,638,8088],"class_list":["post-51921","post","type-post","status-publish","format-standard","hentry","category-espectaculos","tag-carlos-indio-solari","tag-patricio-rey-y-sus-redonditos-de-ricota","tag-recitales","tag-redonditos-de-ricota"],"_links":{"self":[{"href":"https:\/\/www.elsindical.com.ar\/notas\/wp-json\/wp\/v2\/posts\/51921","targetHints":{"allow":["GET"]}}],"collection":[{"href":"https:\/\/www.elsindical.com.ar\/notas\/wp-json\/wp\/v2\/posts"}],"about":[{"href":"https:\/\/www.elsindical.com.ar\/notas\/wp-json\/wp\/v2\/types\/post"}],"author":[{"embeddable":true,"href":"https:\/\/www.elsindical.com.ar\/notas\/wp-json\/wp\/v2\/users\/1"}],"replies":[{"embeddable":true,"href":"https:\/\/www.elsindical.com.ar\/notas\/wp-json\/wp\/v2\/comments?post=51921"}],"version-history":[{"count":2,"href":"https:\/\/www.elsindical.com.ar\/notas\/wp-json\/wp\/v2\/posts\/51921\/revisions"}],"predecessor-version":[{"id":51955,"href":"https:\/\/www.elsindical.com.ar\/notas\/wp-json\/wp\/v2\/posts\/51921\/revisions\/51955"}],"wp:attachment":[{"href":"https:\/\/www.elsindical.com.ar\/notas\/wp-json\/wp\/v2\/media?parent=51921"}],"wp:term":[{"taxonomy":"category","embeddable":true,"href":"https:\/\/www.elsindical.com.ar\/notas\/wp-json\/wp\/v2\/categories?post=51921"},{"taxonomy":"post_tag","embeddable":true,"href":"https:\/\/www.elsindical.com.ar\/notas\/wp-json\/wp\/v2\/tags?post=51921"}],"curies":[{"name":"wp","href":"https:\/\/api.w.org\/{rel}","templated":true}]}}