{"id":51886,"date":"2015-06-13T19:20:49","date_gmt":"2015-06-13T22:20:49","guid":{"rendered":"http:\/\/www.elsindical.com.ar\/notas\/?p=51886"},"modified":"2015-06-13T19:20:49","modified_gmt":"2015-06-13T22:20:49","slug":"denunciamos-y-rechazamos-la-censura-y-el-uso-partidario-de-los-medios-publicos","status":"publish","type":"post","link":"https:\/\/www.elsindical.com.ar\/notas\/denunciamos-y-rechazamos-la-censura-y-el-uso-partidario-de-los-medios-publicos\/","title":{"rendered":"Denunciamos y rechazamos la censura y el uso partidario de los medios p\u00fablicos"},"content":{"rendered":"<table id=\"templateContainer\" border=\"0\" width=\"600\" cellspacing=\"0\" cellpadding=\"0\">\n<tbody>\n<tr>\n<td align=\"center\" valign=\"top\">\n<table id=\"templateBody\" border=\"0\" width=\"600\" cellspacing=\"0\" cellpadding=\"0\">\n<tbody>\n<tr>\n<td class=\"bodyContent\" valign=\"top\">\n<table border=\"0\" width=\"100%\" cellspacing=\"0\" cellpadding=\"20\">\n<tbody>\n<tr>\n<td valign=\"top\">\n<div><em><a href=\"http:\/\/www.elsindical.com.ar\/notas\/var\/www\/html\/notas\/wp-content\/uploads\/2013\/07\/CTP-logo.jpg\"><img loading=\"lazy\" decoding=\"async\" class=\"alignnone size-medium wp-image-35787\" src=\"http:\/\/www.elsindical.com.ar\/notas\/var\/www\/html\/notas\/wp-content\/uploads\/2013\/07\/CTP-logo-300x147.jpg\" alt=\"CTP-logo\" width=\"300\" height=\"147\" srcset=\"https:\/\/www.elsindical.com.ar\/notas\/var\/www\/html\/notas\/wp-content\/uploads\/2013\/07\/CTP-logo-300x147.jpg 300w, https:\/\/www.elsindical.com.ar\/notas\/var\/www\/html\/notas\/wp-content\/uploads\/2013\/07\/CTP-logo-500x245.jpg 500w, https:\/\/www.elsindical.com.ar\/notas\/var\/www\/html\/notas\/wp-content\/uploads\/2013\/07\/CTP-logo.jpg 502w\" sizes=\"auto, (max-width: 300px) 100vw, 300px\" \/><\/a>Reproducimos el comunicado de la asamblea de trabajadores de prensa de Canal 7:<\/em><\/p>\n<p>Los Trabajadores de Prensa del Noticiero de Canal 7 nos declaramos en estado de asamblea permanente para repudiar, denunciar y poner en conocimiento de la opini\u00f3n p\u00fablica el uso pol\u00edtico partidario del servicio de noticias de la Televisi\u00f3n P\u00fablica y otras graves irregularidades incompatibles con la funci\u00f3n del canal estatal y lo que establece la Ley de Servicios de Comunicaci\u00f3n Audiovisual.<\/p>\n<p>En efecto, en plena campa\u00f1a electoral, la Gerencia de Noticias, a cargo de Carlos Figueroa y V\u00edctor Taricco, utiliza masiva y descaradamente los espacios de los noticieros p\u00fablicos para posicionar a los candidatos del Frente para la Victoria en detrimento de los aspirantes a cargos electivos de otros partidos.<\/p>\n<p>Este inadmisible aprovechamiento partidario de los noticieros de la Televisi\u00f3n P\u00fablica es parte de la misma l\u00f3gica por la cual Figueroa, sin dejar el cargo de gerente de noticias, como demandar\u00eda la m\u00e1s elemental \u00e9tica p\u00fablica, y en la m\u00e1s flagrante incompatibilidad, trabaja de manera paralela y a tiempo pr\u00e1cticamente completo en la campa\u00f1a del candidato a jefe de gobierno porte\u00f1o del Frente para la Victoria, Mariano Recalde.<\/p>\n<p>A tal punto que desde hace al menos tres meses, y pese a seguir ostentando el cargo de gerente de noticias y cobrando sueldo como tal, Figueroa pr\u00e1cticamente no concurre diariamente a la redacci\u00f3n, no est\u00e1 al tanto de las coberturas y cuestiones operativas y delega todas las tareas en el subgerente V\u00edctor Taricco, con quien se comunica telef\u00f3nicamente.<\/p>\n<p>Taricco, como ya venimos advirtiendo p\u00fablicamente desde 2013, es un oscuro personaje declarado persona no grata por los trabajadores de prensa del noticiero, ha sido denunciado por reiterados acosos laborales a compa\u00f1eras periodistas, y por intentar desprestigiar a delegados y trabajadores de prensa utilizando informaci\u00f3n de \u00edndole personal y privada para suministr\u00e1rsela a terceros an\u00f3nimos a trav\u00e9s de la web, con m\u00e9todos propios de un buch\u00f3n de la SIDE.<\/p>\n<p>El uso partidario del noticiero se evidencia claramente en un seguimiento y an\u00e1lisis de los espacios informativos dedicados a los diversos candidatos realizado por los propios trabajadores de prensa, que demuestra, sobre todo teniendo en cuenta el costo del minuto en televisi\u00f3n y la duraci\u00f3n promedio de las notas, el alevoso privilegio concedido a los candidatos oficialistas en detrimento de la oposici\u00f3n.<\/p>\n<p>Por caso, durante toda la campa\u00f1a por las PASO porte\u00f1as, el tiempo total de pantalla dedicado al Frente para la Victoria fue nada menos que de 1 hora 9 minutos, en tanto el PRO obtuvo en el mismo per\u00edodo 8 minutos 50 segundos; ECO, 5 minutos y medio; el Frente de Izquierda 4 minutos 45 segundos y el Frente Renovador, 4 minutos 10 segundos.<\/p>\n<p>Si los tiempos se consideran por candidato y dirigentes de cada partido, Mariano Recalde (FPV) tuvo una dedicaci\u00f3n de 35 minutos netos, Carlos Tomada (FPV), 15 minutos, Juan Cabandi\u00e9 (FPV) 8 minutos. En contraste, Gabriela Michetti (PRO) s\u00f3lo tuvo 8 minutos, Horacio Rodr\u00edguez Larreta (PRO), 2 minutos 40 segundos y Mart\u00edn Lousteau (ECO), tambi\u00e9n 2 minutos 40.<\/p>\n<p>Hay que tener en cuenta que en este relevamiento se excluyen tanto la propia cobertura del acto eleccionario como las cadenas nacionales, en muchas de las cuales, la presencia de los candidatos del Frente para la Victoria tiene fines de promoci\u00f3n pol\u00edtico-partidaria y no est\u00e1 relacionada con actos de gobierno.<\/p>\n<p>Para hacer m\u00e1s repudiable la manipulaci\u00f3n y el uso de un medio p\u00fablico en favor del partido gobernante, la Gerencia a cargo de Figueroa y Taricco censur\u00f3 esta semana la realizaci\u00f3n y puesta al aire de una entrevista con el candidato del Frente Renovador, Sergio Massa, pautada por la producci\u00f3n del noticiero para el d\u00eda siguiente del anuncio de que mantendr\u00eda su aspiraci\u00f3n presidencial, lo que justificaba plenamente en t\u00e9rminos period\u00edsticos dicha entrevista. No es la primera vez que la Gerencia silencia a candidatos no oficialistas, algo que ya ocurri\u00f3 con dirigentes del Frente de Izquierda, de la Coalici\u00f3n C\u00edvica, y con diversos representantes sindicales y activistas sociales cr\u00edticos de las pol\u00edticas oficiales.<\/p>\n<p>En este contexto, los trabajadores de prensa repudiamos en los t\u00e9rminos m\u00e1s en\u00e9rgicos el uso del servicio p\u00fablico de noticias en favor del partido gobernante, exigimos que los funcionarios respeten lo establecido en \u00a0la Ley de Medios y los criterios \u00e9ticos de desempe\u00f1o imparcial en la funci\u00f3n p\u00fablica, as\u00ed como demandamos el ejercicio de pluralismo y democracia informativa que corresponde a la Televisi\u00f3n P\u00fablica, garantizando pluralidad de voces y opiniones.<\/p>\n<div><strong>ASAMBLEA Y DELEGADOS DE LOS TRABAJADORES DE PRENSA DEL NOTICIERO DE LA TELEVISION PUBLICA<\/strong><\/div>\n<\/div>\n<\/td>\n<\/tr>\n<\/tbody>\n<\/table>\n<\/td>\n<\/tr>\n<\/tbody>\n<\/table>\n<\/td>\n<\/tr>\n<tr>\n<td align=\"center\" valign=\"top\">\n<table id=\"templateFooter\" border=\"0\" width=\"600\" cellspacing=\"0\" cellpadding=\"10\">\n<tbody>\n<tr>\n<td class=\"footerContent\" valign=\"top\">\n<table border=\"0\" width=\"100%\" cellspacing=\"0\" cellpadding=\"10\">\n<tbody>\n<tr>\n<td id=\"social\" colspan=\"2\" valign=\"middle\">\n<div>\n<div><strong><span style=\"font-size: large;\">Colectivo de Trabajadores y Trabajadoras de Prensa (CTP)<\/span><\/strong><\/div>\n<div><span style=\"font-size: large;\"><strong>Twitter<\/strong>: @lasredacciones<\/span><\/div>\n<div><span style=\"font-size: large;\"><strong>Web<\/strong>:\u00a0<a title=\"Este enlace externo se abrir\u00e1 en una nueva ventana\" href=\"http:\/\/blogspot.us7.list-manage2.com\/track\/click?u=7b1370776cb9fa190723819f7&amp;id=fdbba35c45&amp;e=4da2f43caa\" target=\"_blank\">colectivodeprensa.blogspot.com.ar<\/a><\/span><\/div>\n<div><span style=\"font-size: large;\"><strong>Facebook<\/strong>:\u00a0<a title=\"Este enlace externo se abrir\u00e1 en una nueva ventana\" href=\"http:\/\/blogspot.us7.list-manage1.com\/track\/click?u=7b1370776cb9fa190723819f7&amp;id=a9b726c7b0&amp;e=4da2f43caa\" target=\"_blank\">www.facebook.com\/lasredacciones<\/a><\/span><\/div>\n<div><span style=\"font-size: large;\"><strong>Correo<\/strong>:\u00a0<a title=\"Este enlace externo se abrir\u00e1 en una nueva ventana\" href=\"https:\/\/afrodita.astranetwork.net:2096\/cpsess5953216007\/3rdparty\/squirrelmail\/src\/compose.php?send_to=colectivodeprensa@gmail.com\" target=\"_blank\">colectivodeprensa@gmail.com<\/a><\/span><\/div>\n<\/div>\n<\/td>\n<\/tr>\n<\/tbody>\n<\/table>\n<\/td>\n<\/tr>\n<\/tbody>\n<\/table>\n<\/td>\n<\/tr>\n<\/tbody>\n<\/table>\n","protected":false},"excerpt":{"rendered":"<p>Reproducimos el comunicado de la asamblea de trabajadores de prensa de Canal 7: Los Trabajadores de Prensa del Noticiero de Canal 7 nos declaramos en estado de asamblea permanente para repudiar, denunciar y poner en conocimiento de la opini\u00f3n p\u00fablica el uso pol\u00edtico partidario del servicio de noticias de la Televisi\u00f3n P\u00fablica y otras graves&hellip;<\/p>\n","protected":false},"author":1,"featured_media":0,"comment_status":"open","ping_status":"open","sticky":false,"template":"","format":"standard","meta":{"footnotes":""},"categories":[16],"tags":[10230,175,20095,90],"class_list":["post-51886","post","type-post","status-publish","format-standard","hentry","category-gremiales","tag-canal-7","tag-denuncia","tag-gerencia-de-noticias","tag-prensa"],"_links":{"self":[{"href":"https:\/\/www.elsindical.com.ar\/notas\/wp-json\/wp\/v2\/posts\/51886","targetHints":{"allow":["GET"]}}],"collection":[{"href":"https:\/\/www.elsindical.com.ar\/notas\/wp-json\/wp\/v2\/posts"}],"about":[{"href":"https:\/\/www.elsindical.com.ar\/notas\/wp-json\/wp\/v2\/types\/post"}],"author":[{"embeddable":true,"href":"https:\/\/www.elsindical.com.ar\/notas\/wp-json\/wp\/v2\/users\/1"}],"replies":[{"embeddable":true,"href":"https:\/\/www.elsindical.com.ar\/notas\/wp-json\/wp\/v2\/comments?post=51886"}],"version-history":[{"count":1,"href":"https:\/\/www.elsindical.com.ar\/notas\/wp-json\/wp\/v2\/posts\/51886\/revisions"}],"predecessor-version":[{"id":51887,"href":"https:\/\/www.elsindical.com.ar\/notas\/wp-json\/wp\/v2\/posts\/51886\/revisions\/51887"}],"wp:attachment":[{"href":"https:\/\/www.elsindical.com.ar\/notas\/wp-json\/wp\/v2\/media?parent=51886"}],"wp:term":[{"taxonomy":"category","embeddable":true,"href":"https:\/\/www.elsindical.com.ar\/notas\/wp-json\/wp\/v2\/categories?post=51886"},{"taxonomy":"post_tag","embeddable":true,"href":"https:\/\/www.elsindical.com.ar\/notas\/wp-json\/wp\/v2\/tags?post=51886"}],"curies":[{"name":"wp","href":"https:\/\/api.w.org\/{rel}","templated":true}]}}