{"id":51883,"date":"2015-06-13T15:20:37","date_gmt":"2015-06-13T18:20:37","guid":{"rendered":"http:\/\/www.elsindical.com.ar\/notas\/?p=51883"},"modified":"2015-06-13T15:20:37","modified_gmt":"2015-06-13T18:20:37","slug":"una-vedette-acusa-a-miguel-del-sel","status":"publish","type":"post","link":"https:\/\/www.elsindical.com.ar\/notas\/una-vedette-acusa-a-miguel-del-sel\/","title":{"rendered":"Una vedette acusa a Miguel del Sel"},"content":{"rendered":"<p><em><a href=\"http:\/\/www.elsindical.com.ar\/notas\/var\/www\/html\/notas\/wp-content\/uploads\/2015\/06\/Miguel-Del-Sel-toquet\u00f3n.jpg\"><img loading=\"lazy\" decoding=\"async\" class=\"alignnone size-medium wp-image-51884\" src=\"http:\/\/www.elsindical.com.ar\/notas\/var\/www\/html\/notas\/wp-content\/uploads\/2015\/06\/Miguel-Del-Sel-toquet\u00f3n-300x225.jpg\" alt=\"Miguel-Del-Sel-toquet\u00f3n\" width=\"300\" height=\"225\" srcset=\"https:\/\/www.elsindical.com.ar\/notas\/var\/www\/html\/notas\/wp-content\/uploads\/2015\/06\/Miguel-Del-Sel-toquet\u00f3n-300x225.jpg 300w, https:\/\/www.elsindical.com.ar\/notas\/var\/www\/html\/notas\/wp-content\/uploads\/2015\/06\/Miguel-Del-Sel-toquet\u00f3n-400x300.jpg 400w, https:\/\/www.elsindical.com.ar\/notas\/var\/www\/html\/notas\/wp-content\/uploads\/2015\/06\/Miguel-Del-Sel-toquet\u00f3n.jpg 531w\" sizes=\"auto, (max-width: 300px) 100vw, 300px\" \/><\/a>La medi\u00e1tica Erika Mitdank revel\u00f3 que el candidato a gobernador de Santa Fe por el PRO se propasaba con ella y otras de sus compa\u00f1eras en el escenario, raz\u00f3n por la cual en aqu\u00e9l momento abandon\u00f3 la obra. Escuch\u00e1 la acusaci\u00f3n completa donde habla de la incomodidad que sufr\u00eda a la hora de trabajar.<\/em><\/p>\n<p>Erica Mitdank, actriz y vedette, revel\u00f3 que el candidato a gobernador de Santa Fe por el PRO, Miguel Del Sel, se propasaba con las bailarinas y vedettes de sus espect\u00e1culos. En su relato, se\u00f1ala que hab\u00eda \u00abexceso de mano\u00bb, por lo que muchas chicas se sent\u00edan incomodas trabajando y en su caso decidi\u00f3 dejar la obra.<\/p>\n<p>\u00abEn los ensayos era una cosa y despu\u00e9s en el escenario era otra, hab\u00eda mucho exceso de mano. No me sent\u00eda c\u00f3moda para nada, compa\u00f1eras m\u00edas sent\u00edan lo mismo, estaban incomodas pero ellas siguieron. Hab\u00eda escenas en las que hac\u00eda cosas que no ten\u00eda que hacer, me sent\u00eda bastardeada\u00bb, expres\u00f3.<\/p>\n<p><iframe loading=\"lazy\" id=\"audio_4636799\" style=\"border: 1px solid #eeeeee; width: 100%; box-sizing: border-box;\" src=\"https:\/\/www.ivoox.com\/player_ej_4636799_4_1.html?c1=ff6600\" width=\"300\" height=\"200\" frameborder=\"0\" scrolling=\"no\" allowfullscreen=\"allowfullscreen\"><\/iframe><\/p>\n","protected":false},"excerpt":{"rendered":"<p>La medi\u00e1tica Erika Mitdank revel\u00f3 que el candidato a gobernador de Santa Fe por el PRO se propasaba con ella y otras de sus compa\u00f1eras en el escenario, raz\u00f3n por la cual en aqu\u00e9l momento abandon\u00f3 la obra. Escuch\u00e1 la acusaci\u00f3n completa donde habla de la incomodidad que sufr\u00eda a la hora de trabajar. Erica&hellip;<\/p>\n","protected":false},"author":1,"featured_media":0,"comment_status":"open","ping_status":"open","sticky":false,"template":"","format":"standard","meta":{"footnotes":""},"categories":[13],"tags":[21578,21019,328,609],"class_list":["post-51883","post","type-post","status-publish","format-standard","hentry","category-politica","tag-erica-mitdank","tag-miguel-del-sel","tag-pro","tag-santa-fe"],"_links":{"self":[{"href":"https:\/\/www.elsindical.com.ar\/notas\/wp-json\/wp\/v2\/posts\/51883","targetHints":{"allow":["GET"]}}],"collection":[{"href":"https:\/\/www.elsindical.com.ar\/notas\/wp-json\/wp\/v2\/posts"}],"about":[{"href":"https:\/\/www.elsindical.com.ar\/notas\/wp-json\/wp\/v2\/types\/post"}],"author":[{"embeddable":true,"href":"https:\/\/www.elsindical.com.ar\/notas\/wp-json\/wp\/v2\/users\/1"}],"replies":[{"embeddable":true,"href":"https:\/\/www.elsindical.com.ar\/notas\/wp-json\/wp\/v2\/comments?post=51883"}],"version-history":[{"count":1,"href":"https:\/\/www.elsindical.com.ar\/notas\/wp-json\/wp\/v2\/posts\/51883\/revisions"}],"predecessor-version":[{"id":51885,"href":"https:\/\/www.elsindical.com.ar\/notas\/wp-json\/wp\/v2\/posts\/51883\/revisions\/51885"}],"wp:attachment":[{"href":"https:\/\/www.elsindical.com.ar\/notas\/wp-json\/wp\/v2\/media?parent=51883"}],"wp:term":[{"taxonomy":"category","embeddable":true,"href":"https:\/\/www.elsindical.com.ar\/notas\/wp-json\/wp\/v2\/categories?post=51883"},{"taxonomy":"post_tag","embeddable":true,"href":"https:\/\/www.elsindical.com.ar\/notas\/wp-json\/wp\/v2\/tags?post=51883"}],"curies":[{"name":"wp","href":"https:\/\/api.w.org\/{rel}","templated":true}]}}