{"id":51854,"date":"2015-06-12T18:47:51","date_gmt":"2015-06-12T21:47:51","guid":{"rendered":"http:\/\/www.elsindical.com.ar\/notas\/?p=51854"},"modified":"2015-06-12T18:47:51","modified_gmt":"2015-06-12T21:47:51","slug":"en-avellaneda-el-espacio-politico-de-jesus-cariglino-tiene-candidato-a-intendente","status":"publish","type":"post","link":"https:\/\/www.elsindical.com.ar\/notas\/en-avellaneda-el-espacio-politico-de-jesus-cariglino-tiene-candidato-a-intendente\/","title":{"rendered":"En Avellaneda el espacio pol\u00edtico de Jes\u00fas Cariglino tiene candidato a intendente"},"content":{"rendered":"<p><em><a href=\"http:\/\/www.elsindical.com.ar\/notas\/var\/www\/html\/notas\/wp-content\/uploads\/2014\/06\/Jes\u00fas-y-Beto.jpg\"><img loading=\"lazy\" decoding=\"async\" class=\"alignnone size-medium wp-image-43368\" src=\"http:\/\/www.elsindical.com.ar\/notas\/var\/www\/html\/notas\/wp-content\/uploads\/2014\/06\/Jes\u00fas-y-Beto-300x278.jpg\" alt=\"Jes\u00fas-y-Beto\" width=\"300\" height=\"278\" srcset=\"https:\/\/www.elsindical.com.ar\/notas\/var\/www\/html\/notas\/wp-content\/uploads\/2014\/06\/Jes\u00fas-y-Beto-300x278.jpg 300w, https:\/\/www.elsindical.com.ar\/notas\/var\/www\/html\/notas\/wp-content\/uploads\/2014\/06\/Jes\u00fas-y-Beto-323x300.jpg 323w, https:\/\/www.elsindical.com.ar\/notas\/var\/www\/html\/notas\/wp-content\/uploads\/2014\/06\/Jes\u00fas-y-Beto.jpg 502w\" sizes=\"auto, (max-width: 300px) 100vw, 300px\" \/><\/a>En Avellaneda Jes\u00fas Cariglino tiene\u00a0su candidato a Intendente Beto Silva.<\/em><\/p>\n<p>El l\u00edder de Proyecto Avellaneda Alberto \u00abBeto\u00bb Silva concejal (mc)\u00a0es ahora precandidato a Intendente por el espacio que lleva\u00a0la candidatura \u00a0Mauricio Macri\u00a0 presidente y\u00a0Mar\u00eda Eugenia Vidal como Gobernadora.<\/p>\n<p>Confirmo el elegido a este medio que de los acuerdos logrados con sectores sociales y pol\u00edticos de Avellaneda estos le pidieron que encabece la lista en el distrito como candidato a <span class=\"text_exposed_show\">intendente, sabiendo que la candidata Gladys Gonz\u00e1lez es casi una desconocida para la mayor\u00eda de los vecinos.<\/span><\/p>\n<div class=\"text_exposed_show\">\n<p>Si bien falta detalles para concretar el armado, nos aseguro Silva, que la decisi\u00f3n ya esta tomada, el hombre fuerte de Jes\u00fas Cariglino en el distrito de Avellaneda tiene la tarea de aglutinar a la oposici\u00f3n a quien se lo pudo ver en diferentes reuniones ya que Silva fue concejal de Uni\u00f3n Pro, cuenta con un buen predicamento en la dirigencia del\u00a0PRO adem\u00e1s de tener una muy buena llegada con los gremios y\u00a0 sectores sociales.<\/p>\n<p>\u00c9l se autotitula un militante social, estando siempre como protagonista\u00a0en reclamos vecinales o de sectores profesionales como\u00a0el caso del Hospital de Wilde, el caso del joven agredido Mat\u00edas y\u00a0en las diferentes marchas en reclamos de derechos y mejoras para los vecinos de Avellaneda.<\/p>\n<\/div>\n","protected":false},"excerpt":{"rendered":"<p>En Avellaneda Jes\u00fas Cariglino tiene\u00a0su candidato a Intendente Beto Silva. El l\u00edder de Proyecto Avellaneda Alberto \u00abBeto\u00bb Silva concejal (mc)\u00a0es ahora precandidato a Intendente por el espacio que lleva\u00a0la candidatura \u00a0Mauricio Macri\u00a0 presidente y\u00a0Mar\u00eda Eugenia Vidal como Gobernadora. Confirmo el elegido a este medio que de los acuerdos logrados con sectores sociales y pol\u00edticos de&hellip;<\/p>\n","protected":false},"author":1,"featured_media":0,"comment_status":"open","ping_status":"open","sticky":false,"template":"","format":"standard","meta":{"footnotes":""},"categories":[13],"tags":[18474,461,12642,76,328],"class_list":["post-51854","post","type-post","status-publish","format-standard","hentry","category-politica","tag-alberto-beto-silva","tag-avellaneda","tag-jesus-cariglino","tag-mauricio-macri","tag-pro"],"_links":{"self":[{"href":"https:\/\/www.elsindical.com.ar\/notas\/wp-json\/wp\/v2\/posts\/51854","targetHints":{"allow":["GET"]}}],"collection":[{"href":"https:\/\/www.elsindical.com.ar\/notas\/wp-json\/wp\/v2\/posts"}],"about":[{"href":"https:\/\/www.elsindical.com.ar\/notas\/wp-json\/wp\/v2\/types\/post"}],"author":[{"embeddable":true,"href":"https:\/\/www.elsindical.com.ar\/notas\/wp-json\/wp\/v2\/users\/1"}],"replies":[{"embeddable":true,"href":"https:\/\/www.elsindical.com.ar\/notas\/wp-json\/wp\/v2\/comments?post=51854"}],"version-history":[{"count":1,"href":"https:\/\/www.elsindical.com.ar\/notas\/wp-json\/wp\/v2\/posts\/51854\/revisions"}],"predecessor-version":[{"id":51855,"href":"https:\/\/www.elsindical.com.ar\/notas\/wp-json\/wp\/v2\/posts\/51854\/revisions\/51855"}],"wp:attachment":[{"href":"https:\/\/www.elsindical.com.ar\/notas\/wp-json\/wp\/v2\/media?parent=51854"}],"wp:term":[{"taxonomy":"category","embeddable":true,"href":"https:\/\/www.elsindical.com.ar\/notas\/wp-json\/wp\/v2\/categories?post=51854"},{"taxonomy":"post_tag","embeddable":true,"href":"https:\/\/www.elsindical.com.ar\/notas\/wp-json\/wp\/v2\/tags?post=51854"}],"curies":[{"name":"wp","href":"https:\/\/api.w.org\/{rel}","templated":true}]}}