{"id":5185,"date":"2010-03-31T17:17:46","date_gmt":"2010-03-31T20:17:46","guid":{"rendered":"http:\/\/www.elsindical.com.ar\/notas\/?p=5185"},"modified":"2010-03-31T17:17:46","modified_gmt":"2010-03-31T20:17:46","slug":"la-plata-bomberos-protestan-en-las-entradas-y-salidas-de-la-ciudad","status":"publish","type":"post","link":"https:\/\/www.elsindical.com.ar\/notas\/la-plata-bomberos-protestan-en-las-entradas-y-salidas-de-la-ciudad\/","title":{"rendered":"La Plata: Bomberos protestan en las entradas y salidas de la ciudad"},"content":{"rendered":"<p style=\"text-align: justify;\"><a href=\"http:\/\/www.elsindical.com.ar\/notas\/var\/www\/html\/notas\/wp-content\/uploads\/2010\/03\/protesta-de-bomberos-08.jpg\"><img loading=\"lazy\" decoding=\"async\" class=\"alignleft size-full wp-image-5186\" title=\"protesta-de-bomberos-08\" src=\"http:\/\/www.elsindical.com.ar\/notas\/var\/www\/html\/notas\/wp-content\/uploads\/2010\/03\/protesta-de-bomberos-08.jpg\" alt=\"\" width=\"236\" height=\"157\" \/><\/a>Un grupo de Bomberos Voluntarios de la provincia de Buenos Aires cort\u00f3 la autopista Buenos Aires-La Plata, a la altura de la diagonal 74 en la entrada a la capital bonaerense en reclamo de la entrega de un subsidio. Tambi\u00e9n mantienen un corte en 13 y 32. Por la protesta, se registran demoras en el tr\u00e1nsito.<\/p>\n<p style=\"text-align: justify;\">Un nutrido grupo de Bomberos Voluntarios de la Provincia mantiene cortada la bajada de la Autopista Buenos Aires-La Plata, a la altura de la diagonal 74 en reclamo de la entrega de un subsidio.<\/p>\n<p>All\u00ed se encuentran unos 200 bomberos, mientras que en 13 y 32 tambi\u00e9n varios uniformados mantienen interrumpido el tr\u00e1nsito en ese lugar.<\/p>\n<p>Seg\u00fan fuentes dependientes del ministerio de Seguridad bonaerense, los bomberos reclaman el pago de un subsidio y, de acuerdo a lo pautado, se movilizar\u00edan hacia la Gobernaci\u00f3n<\/p>\n<p>Los Bomberos Voluntarios de la provincia de Buenos Aires realizan un corte en ese acceso a la ciudad de Buenos Aires entre las localidades de Villa Elisa y La Plata.<\/p>\n","protected":false},"excerpt":{"rendered":"<p>Un grupo de Bomberos Voluntarios de la provincia de Buenos Aires cort\u00f3 la autopista Buenos Aires-La Plata, a la altura de la diagonal 74 en la entrada a la capital bonaerense en reclamo de la entrega de un subsidio. Tambi\u00e9n mantienen un corte en 13 y 32. Por la protesta, se registran demoras en el&hellip;<\/p>\n","protected":false},"author":1,"featured_media":0,"comment_status":"open","ping_status":"open","sticky":false,"template":"","format":"standard","meta":{"footnotes":""},"categories":[25],"tags":[2724,2723,364,2496,30,292,2725],"class_list":["post-5185","post","type-post","status-publish","format-standard","hentry","category-sociedad","tag-autopista","tag-bomberos-voluntarios","tag-bonaerense","tag-demoras","tag-policia","tag-protesta","tag-subsidio"],"_links":{"self":[{"href":"https:\/\/www.elsindical.com.ar\/notas\/wp-json\/wp\/v2\/posts\/5185","targetHints":{"allow":["GET"]}}],"collection":[{"href":"https:\/\/www.elsindical.com.ar\/notas\/wp-json\/wp\/v2\/posts"}],"about":[{"href":"https:\/\/www.elsindical.com.ar\/notas\/wp-json\/wp\/v2\/types\/post"}],"author":[{"embeddable":true,"href":"https:\/\/www.elsindical.com.ar\/notas\/wp-json\/wp\/v2\/users\/1"}],"replies":[{"embeddable":true,"href":"https:\/\/www.elsindical.com.ar\/notas\/wp-json\/wp\/v2\/comments?post=5185"}],"version-history":[{"count":1,"href":"https:\/\/www.elsindical.com.ar\/notas\/wp-json\/wp\/v2\/posts\/5185\/revisions"}],"predecessor-version":[{"id":5187,"href":"https:\/\/www.elsindical.com.ar\/notas\/wp-json\/wp\/v2\/posts\/5185\/revisions\/5187"}],"wp:attachment":[{"href":"https:\/\/www.elsindical.com.ar\/notas\/wp-json\/wp\/v2\/media?parent=5185"}],"wp:term":[{"taxonomy":"category","embeddable":true,"href":"https:\/\/www.elsindical.com.ar\/notas\/wp-json\/wp\/v2\/categories?post=5185"},{"taxonomy":"post_tag","embeddable":true,"href":"https:\/\/www.elsindical.com.ar\/notas\/wp-json\/wp\/v2\/tags?post=5185"}],"curies":[{"name":"wp","href":"https:\/\/api.w.org\/{rel}","templated":true}]}}