{"id":51770,"date":"2015-06-10T02:25:31","date_gmt":"2015-06-10T05:25:31","guid":{"rendered":"http:\/\/www.elsindical.com.ar\/notas\/?p=51770"},"modified":"2015-06-10T02:25:31","modified_gmt":"2015-06-10T05:25:31","slug":"santa-fe-internaron-a-una-nena-de-10-anos-que-iba-alcoholizada-a-clases","status":"publish","type":"post","link":"https:\/\/www.elsindical.com.ar\/notas\/santa-fe-internaron-a-una-nena-de-10-anos-que-iba-alcoholizada-a-clases\/","title":{"rendered":"Santa Fe: Internaron a una nena de 10 a\u00f1os que iba alcoholizada a clases"},"content":{"rendered":"<p><em><a href=\"http:\/\/www.elsindical.com.ar\/notas\/var\/www\/html\/notas\/wp-content\/uploads\/2015\/06\/menor-alcoholizada.jpg\"><img loading=\"lazy\" decoding=\"async\" class=\"alignnone size-medium wp-image-51771\" src=\"http:\/\/www.elsindical.com.ar\/notas\/var\/www\/html\/notas\/wp-content\/uploads\/2015\/06\/menor-alcoholizada-300x169.jpg\" alt=\"menor-alcoholizada\" width=\"300\" height=\"169\" srcset=\"https:\/\/www.elsindical.com.ar\/notas\/var\/www\/html\/notas\/wp-content\/uploads\/2015\/06\/menor-alcoholizada-300x169.jpg 300w, https:\/\/www.elsindical.com.ar\/notas\/var\/www\/html\/notas\/wp-content\/uploads\/2015\/06\/menor-alcoholizada-500x282.jpg 500w, https:\/\/www.elsindical.com.ar\/notas\/var\/www\/html\/notas\/wp-content\/uploads\/2015\/06\/menor-alcoholizada.jpg 531w\" sizes=\"auto, (max-width: 300px) 100vw, 300px\" \/><\/a>Ocurri\u00f3 en Santa Fe. Sus padres le permit\u00edan que tomara vino. Los docentes denunciaron la situaci\u00f3n.<\/em><\/p>\n<p>Los docentes y autoridades del colegio al que asist\u00eda regularmente la menor de 10 a\u00f1os, cuya identidad se reserva,<b> comprobaban a diario el estado de ebriedad en que se encontraba<\/b>, por lo que decidieron realizar la denuncia correspondiente para poder preservar su salud.<\/p>\n<div>As\u00ed fue como personal de la <b>Guardia Rural Los Pumas<\/b> prest\u00f3 una de sus lanchas al Nodo de Salud de la Regi\u00f3n 1, en Reconquista, para poder llegar al domicilio de la menor, en la Isla Guaycur\u00fa, en el norte de la provincia de Santa Fe, en el l\u00edmite con la provincia de Corrientes. <b>Acompa\u00f1ada por su madre, fue derivada al hospital de Reconquista<\/b>, donde estuvo internada.<\/div>\n<div><\/div>\n<div>Tras la internaci\u00f3n, <b>se decidi\u00f3 que la menor regrese a su hogar donde continuar\u00e1 al cuidado de su enfermera y diferentes profesionales que seguir\u00e1n su evoluci\u00f3n<\/b>. Seg\u00fan expres\u00f3 en declaraciones a <i>Cadena3 <\/i>e<b>l coordinador del Nodo Salud de Reconquista, Ra\u00fal Medina<\/b>, \u00abes bastante com\u00fan en algunas poblaciones tomar medicamentos caseros, muchas veces mezclados con alcohol\u00bb.<\/div>\n<div><\/div>\n<div>Sin embargo, respecto de este caso en particular, aclar\u00f3 que el problema principal es la <b>\u00abmuy mala costumbre de los familiares, acerc\u00e1ndole este elemento a una ni\u00f1a tan peque\u00f1a\u00bb<\/b>. As\u00ed se refiri\u00f3 a la humilde familia de la Isla Guaycur\u00fa, para quienes era \u00abnormal\u00bb que la menor tomara vino.<\/div>\n","protected":false},"excerpt":{"rendered":"<p>Ocurri\u00f3 en Santa Fe. Sus padres le permit\u00edan que tomara vino. Los docentes denunciaron la situaci\u00f3n. Los docentes y autoridades del colegio al que asist\u00eda regularmente la menor de 10 a\u00f1os, cuya identidad se reserva, comprobaban a diario el estado de ebriedad en que se encontraba, por lo que decidieron realizar la denuncia correspondiente para&hellip;<\/p>\n","protected":false},"author":1,"featured_media":0,"comment_status":"open","ping_status":"open","sticky":false,"template":"","format":"standard","meta":{"footnotes":""},"categories":[22],"tags":[13694,21544,21545,223,4109,9211,17851],"class_list":["post-51770","post","type-post","status-publish","format-standard","hentry","category-policiales","tag-alcoholizada","tag-guardia-rural","tag-los-pumas","tag-menor","tag-nina","tag-reconquista","tag-vino"],"_links":{"self":[{"href":"https:\/\/www.elsindical.com.ar\/notas\/wp-json\/wp\/v2\/posts\/51770","targetHints":{"allow":["GET"]}}],"collection":[{"href":"https:\/\/www.elsindical.com.ar\/notas\/wp-json\/wp\/v2\/posts"}],"about":[{"href":"https:\/\/www.elsindical.com.ar\/notas\/wp-json\/wp\/v2\/types\/post"}],"author":[{"embeddable":true,"href":"https:\/\/www.elsindical.com.ar\/notas\/wp-json\/wp\/v2\/users\/1"}],"replies":[{"embeddable":true,"href":"https:\/\/www.elsindical.com.ar\/notas\/wp-json\/wp\/v2\/comments?post=51770"}],"version-history":[{"count":1,"href":"https:\/\/www.elsindical.com.ar\/notas\/wp-json\/wp\/v2\/posts\/51770\/revisions"}],"predecessor-version":[{"id":51772,"href":"https:\/\/www.elsindical.com.ar\/notas\/wp-json\/wp\/v2\/posts\/51770\/revisions\/51772"}],"wp:attachment":[{"href":"https:\/\/www.elsindical.com.ar\/notas\/wp-json\/wp\/v2\/media?parent=51770"}],"wp:term":[{"taxonomy":"category","embeddable":true,"href":"https:\/\/www.elsindical.com.ar\/notas\/wp-json\/wp\/v2\/categories?post=51770"},{"taxonomy":"post_tag","embeddable":true,"href":"https:\/\/www.elsindical.com.ar\/notas\/wp-json\/wp\/v2\/tags?post=51770"}],"curies":[{"name":"wp","href":"https:\/\/api.w.org\/{rel}","templated":true}]}}