{"id":51733,"date":"2015-06-09T00:00:15","date_gmt":"2015-06-09T03:00:15","guid":{"rendered":"http:\/\/www.elsindical.com.ar\/notas\/?p=51733"},"modified":"2015-06-09T00:00:15","modified_gmt":"2015-06-09T03:00:15","slug":"efemeridesdel-dia-9-de-junio-5","status":"publish","type":"post","link":"https:\/\/www.elsindical.com.ar\/notas\/efemeridesdel-dia-9-de-junio-5\/","title":{"rendered":"EFEM\u00c9RIDES:DEL D\u00cdA 9 DE JUNIO"},"content":{"rendered":"<p><span style=\"font-size: small;\">D\u00eda del Ge\u00f3logo.<\/span><\/p>\n<p>\u2013 D\u00eda de San Efr\u00e9n.<\/p>\n<p>0068 \u2013 se suicida Ner\u00f3n, emperador romano.<\/p>\n<p>1215 \u2013 El rey Juan sin Tierra firma la carta Magna, origen de las libertades inglesas.<\/p>\n<p>1534 \u2013 Jacques Cartier comienza a remontar el R\u00edo San Lorenzo.<\/p>\n<p>1640 \u2013 nace Leopoldo I, emperador Romano.<\/p>\n<p>1672 \u2013 nace Pedro \u201cel Grande\u201d, zar de Rusia.<\/p>\n<p>1754 \u2013 nace Manuel Jos\u00e9 de Lavard\u00e9n, poeta y abogado, autor de teatro argentino.<\/p>\n<p>1781 \u2013 nace George Stephenson, inventor de la locomotora.<\/p>\n<p>1829 \u2013 muere Baltasar Hidalgo de Cisneros, \u00faltimo virrey espa\u00f1ol del R\u00edo de la Plata.<\/p>\n<p>1862 \u2013 el Senado de Estados Unidos vota la abolici\u00f3n de la esclavitud en todos los territorios de la Uni\u00f3n.<\/p>\n<p>1869 \u2013 El presidente ecuatoriano, Gabriel Garc\u00eda Moreno, proclama una nueva Constituci\u00f3n.<\/p>\n<p>1870 \u2013 Muere Charles Dickens, novelista ingl\u00e9s.<\/p>\n<p>1893 \u2013 nace Cole Porter, compositor estadounidense.<\/p>\n<p>1894 \u2013 Estalla en Paraguay un movimiento revolucionario, encabezado por el general Juan B. Egusquiza, que depone al presidente Marcos Mori\u00f1igo.<\/p>\n<p>1898 \u2013 Inauguraci\u00f3n del Ferrocarril Nordeste Argentino, desde Corrientes a Monte Caseros.<\/p>\n<p>1898 \u2013 China arrienda Hong Kong a Gran Breta\u00f1a por 99 a\u00f1os.<\/p>\n<p>1899 \u2013 se funda el Club Atl\u00e9tico Chalaco, de El Callao, Per\u00fa.<\/p>\n<p>1915 \u2013 nace Les Paul, guitarrista.<\/p>\n<p>1916 \u2013 nace Robert McNamara, pol\u00edtico estadounidense.<\/p>\n<p>1921 \u2013 muere Luis Maria Drago, jurisconsulto argentino.<\/p>\n<p>1921 \u2013 La Oficina Internacional del Trabajo (OIT) adopta la lengua espa\u00f1ola como tercer idioma oficial.<\/p>\n<p>1924 \u2013 Uruguay vence a Suiza por 3 a 0 y obtiene la medalla de oro ol\u00edmpica de f\u00fatbol, en el estadio Colombes, de Par\u00eds.<\/p>\n<p>1930 \u2013 nace Jordi Pujol, presidente de la Generalitat de Catalu\u00f1a.<\/p>\n<p>1934 \u2013 Se proclama una nueva Constituci\u00f3n en la Rep\u00fablica Dominicana.<\/p>\n<p>1934 \u2013 nace el Pato Donald.<\/p>\n<p>1940 \u2013 Noruega se rinde a los alemanes.<\/p>\n<p>1946 \u2013 Bumibol Adulyade, de 19 a\u00f1os, sustituye en el trono de Tailandia a su hermano Amanda Mahidol.<\/p>\n<p>1953 \u2013 Corea del Sur rechaza las condiciones del armisticio.<\/p>\n<p>1956 \u2013 fracasa en Argentina una sublevaci\u00f3n militar encabezada por el Gral.Juan Jos\u00e9 Valle.<\/p>\n<p>1957 \u2013 se crea la Universidad Cat\u00f3lica de Santa Fe (Argentina).<\/p>\n<p>1960 \u2013 El Gobierno de Mosc\u00fa anuncia oficialmente que defender\u00e1 Cuba en caso de que este pa\u00eds sea atacado por Estados Unidos.<\/p>\n<p>1961 \u2013 nace Michael J. Fox, actor estadounidense.<\/p>\n<p>1963 \u2013 nace el actor estadounidense Johnny Depp.<\/p>\n<p>1963 \u2013 se estrena la pel\u00edcula \u201cCleopatra\u201d en Nueva York.<\/p>\n<p>1973 \u2013 El almirante Luis Carrero Blanco jura su cargo como presidente del gobierno espa\u00f1ol.<\/p>\n<p>1974 \u2013 Muere Miguel Angel Asturias, escritor guatemalteco.<\/p>\n<p>1976 \u2013 El Gobierno boliviano establece el estado de sitio, en prevenci\u00f3n de protestas obreras y estudiantiles, por el asesinato en su exilio de Argentina del ex presidente Juan Jos\u00e9 Torres, seis d\u00edas antes.<\/p>\n<p>1985 \u2013 Cien kurdos resultan muertos y 260 heridos en los bombardeos de la aviaci\u00f3n iraqu\u00ed sobre un campo de refugiados en Ir\u00e1n.<\/p>\n<p>1991 \u2013 Muere Claudio Arrau, pianista chileno nacionalizado estadounidense.<\/p>\n<p>1993 \u2013 Boda en el palacio imperial de Tokio del pr\u00edncipe heredero del Jap\u00f3n, Naruhito, y la funcionaria de la Canciller\u00eda nipona Masako Owada.<\/p>\n<p>1993 \u2013 Croacia amenaza a los bosnios musulmanes con la guerra total.<\/p>\n<p>1995 \u2013 Acuerdo sobre la flota del Mar Negro, entre Rusia y Ucrania, que pone fin al conflicto surgido tras la desintegraci\u00f3n de la URSS.<\/p>\n<p>1997 \u2013 Los camioneros bloquean las fronteras europeas para pedir una legislaci\u00f3n laboral com\u00fan.<\/p>\n<p>1998 \u2013 Siete mujeres, Graca Machel, Fatiha Budiaf, Rigoberta Mench\u00fa, Olayinka Koso-Thomas, Fatana Ishaq Gailani, Somaly Mam y Emma Bonino son galardonadas con el premio Pr\u00edncipe de Asturias de Cooperaci\u00f3n.<\/p>\n<p>1998 \u2013 Muere el dictador nigeriano, Sani Abacha, sin dejar n sucesor.<\/p>\n<p>1998 \u2013 La UE exige a sus miembros no realizar nuevas inversiones en Serbia.<\/p>\n<p>1998 \u2013 El pr\u00edncipe Carlos encabeza la campa\u00f1a contraria a los alimentos transg\u00e9nicos.<\/p>\n<p>1998 \u2013 La producci\u00f3n de Disney El Rey Le\u00f3n vence en los Tony, los premios teatrales de Estados Unidos.<\/p>\n<p>1999 \u2013 Se celebra la ceremonia de coronaci\u00f3n de los nuevos reyes de Jordania, Abdal\u00e1 II, y su esposa Rania.<\/p>\n<p>1999 \u2013 El neurobi\u00f3logo mexicano Ricardo Miledi es galardonado con el Premio Pr\u00edncipe de Asturias de Investigaci\u00f3n Cient\u00edfica y T\u00e9cnica.<\/p>\n<p>1999 \u2013 Legisladores de 41 ciudades de Am\u00e9rica, Africa y Asia constituyen en M\u00e9xico el Parlamento de Legisladores Metropolitanos (PARLEMET).<\/p>\n<p>1999 \u2013 El G-7 y Rusia firman un plan de paz para Kosovo, sin concretar el papel de la OTAN.<\/p>\n<p>1999 \u2013 El Inter de Mil\u00e1n paga 7.000 millones de pesetas por el jugador italiano Christian Vieri.<\/p>\n<p>2003 \u2013 Un grupo guerrillero toma como rehenes a 60 personas que se encontraban trabajando en un campamento de la empresa Techint en Per\u00fa. La liberaci\u00f3n se produjo 24 horas despu\u00e9s.<\/p>\n","protected":false},"excerpt":{"rendered":"<p>D\u00eda del Ge\u00f3logo. \u2013 D\u00eda de San Efr\u00e9n. 0068 \u2013 se suicida Ner\u00f3n, emperador romano. 1215 \u2013 El rey Juan sin Tierra firma la carta Magna, origen de las libertades inglesas. 1534 \u2013 Jacques Cartier comienza a remontar el R\u00edo San Lorenzo. 1640 \u2013 nace Leopoldo I, emperador Romano. 1672 \u2013 nace Pedro \u201cel Grande\u201d,&hellip;<\/p>\n","protected":false},"author":1,"featured_media":0,"comment_status":"open","ping_status":"open","sticky":false,"template":"","format":"standard","meta":{"footnotes":""},"categories":[14],"tags":[],"class_list":["post-51733","post","type-post","status-publish","format-standard","hentry","category-efemerides"],"_links":{"self":[{"href":"https:\/\/www.elsindical.com.ar\/notas\/wp-json\/wp\/v2\/posts\/51733","targetHints":{"allow":["GET"]}}],"collection":[{"href":"https:\/\/www.elsindical.com.ar\/notas\/wp-json\/wp\/v2\/posts"}],"about":[{"href":"https:\/\/www.elsindical.com.ar\/notas\/wp-json\/wp\/v2\/types\/post"}],"author":[{"embeddable":true,"href":"https:\/\/www.elsindical.com.ar\/notas\/wp-json\/wp\/v2\/users\/1"}],"replies":[{"embeddable":true,"href":"https:\/\/www.elsindical.com.ar\/notas\/wp-json\/wp\/v2\/comments?post=51733"}],"version-history":[{"count":1,"href":"https:\/\/www.elsindical.com.ar\/notas\/wp-json\/wp\/v2\/posts\/51733\/revisions"}],"predecessor-version":[{"id":51734,"href":"https:\/\/www.elsindical.com.ar\/notas\/wp-json\/wp\/v2\/posts\/51733\/revisions\/51734"}],"wp:attachment":[{"href":"https:\/\/www.elsindical.com.ar\/notas\/wp-json\/wp\/v2\/media?parent=51733"}],"wp:term":[{"taxonomy":"category","embeddable":true,"href":"https:\/\/www.elsindical.com.ar\/notas\/wp-json\/wp\/v2\/categories?post=51733"},{"taxonomy":"post_tag","embeddable":true,"href":"https:\/\/www.elsindical.com.ar\/notas\/wp-json\/wp\/v2\/tags?post=51733"}],"curies":[{"name":"wp","href":"https:\/\/api.w.org\/{rel}","templated":true}]}}