{"id":51716,"date":"2015-06-08T11:23:24","date_gmt":"2015-06-08T14:23:24","guid":{"rendered":"http:\/\/www.elsindical.com.ar\/notas\/?p=51716"},"modified":"2015-06-08T11:24:11","modified_gmt":"2015-06-08T14:24:11","slug":"aprueban-proyecto-por-casos-de-violencia-institucional","status":"publish","type":"post","link":"https:\/\/www.elsindical.com.ar\/notas\/aprueban-proyecto-por-casos-de-violencia-institucional\/","title":{"rendered":"Aprueban proyecto por casos de violencia institucional"},"content":{"rendered":"<p class=\"p1 newDetailTextChange\"><em><a href=\"http:\/\/www.elsindical.com.ar\/notas\/var\/www\/html\/notas\/wp-content\/uploads\/2015\/06\/M\u00f3nica-Macha.jpg\"><img loading=\"lazy\" decoding=\"async\" class=\"alignnone size-medium wp-image-51717\" src=\"http:\/\/www.elsindical.com.ar\/notas\/var\/www\/html\/notas\/wp-content\/uploads\/2015\/06\/M\u00f3nica-Macha-300x300.jpg\" alt=\"M\u00f3nica-Macha\" width=\"300\" height=\"300\" srcset=\"https:\/\/www.elsindical.com.ar\/notas\/var\/www\/html\/notas\/wp-content\/uploads\/2015\/06\/M\u00f3nica-Macha-300x300.jpg 300w, https:\/\/www.elsindical.com.ar\/notas\/var\/www\/html\/notas\/wp-content\/uploads\/2015\/06\/M\u00f3nica-Macha-150x150.jpg 150w, https:\/\/www.elsindical.com.ar\/notas\/var\/www\/html\/notas\/wp-content\/uploads\/2015\/06\/M\u00f3nica-Macha.jpg 531w\" sizes=\"auto, (max-width: 300px) 100vw, 300px\" \/><\/a>La C\u00e1mara de Senadores bonaerense aprob\u00f3 un proyecto para garantizar el \u00abacceso gratuito\u00bb al sistema de Justicia. Las personas de escasos recursos son las m\u00e1s vulnerables a la violencia institucional.<\/em><\/p>\n<p class=\"newDetailTextChange\">Los hechos de violencia institucional, aquellos que son ejercidos por miembros de las fuerzas de seguridad, tienen como sus principales afectados a sectores vulnerables y de escasos recursos econ\u00f3micos de la poblaci\u00f3n, de acuerdo a todos los informes elaborados, en los que se analiza esta problem\u00e1tica. En tal sentido, la <b>C\u00e1mara de Senadores<\/b> bonaerense acaba de aprobar, un proyecto impulsado por la legisladora <b>M\u00f3nica Macha, para garantizar el \u00abacceso gratuito\u00bb <\/b>de las v\u00edctimas al sistema de justicia.<\/p>\n<p>La iniciativa, que obtuvo media sanci\u00f3n, le asigna una nueva funci\u00f3n a los defensores oficiales y letrados auxiliares para poder asistir y representar v\u00edctimas de Violencia Institucional. \u00abEl proyecto prev\u00e9 la creaci\u00f3n de una herramienta que permitir\u00e1 avanzar en la lucha contra la impunidad de la violencia ejercida por agentes estatales sobre grupos vulnerables en la provincia de Buenos Aires\u00bb, precis\u00f3 la senadora <b>M\u00f3nica Macha<\/b>.<\/p>\n<p><b>\u00abA partir de esta iniciativa, una persona puede recurrir a un defensor oficial para que lo asesore y represente en una causa que lo tenga como v\u00edctima de Violencia Institucional. Se trata de un paso m\u00e1s en la lucha contra la impunidad\u00bb<\/b>, explic\u00f3 la presidenta de la Comisi\u00f3n de Derechos Humanos y Garant\u00edas de la C\u00e1mara Alta bonaerense.<\/p>\n<p>Seg\u00fan se indic\u00f3, persigue como objetivo, el de potenciar las posibilidades de acceso gratuito a la justicia y las de la defensa en juicio de las personas v\u00edctimas de violencia institucional, facilitando a sus familiares que puedan ser representados en juicio como particular damnificado en el proceso penal en el que se investiguen y juzguen esos hechos. \u00abPara los sectores populares, que son las principales v\u00edctimas de Violencia Institucional, es problem\u00e1tico el acceso a la justicia. Con este proyecto buscamos que el Estado garantice un representante legal de forma gratuita y cualquiera sea la condici\u00f3n social de la v\u00edctima. Cuando nos referimos a la violencia institucional se trata de integrantes del Estado que violan los derechos de un ciudadano, por eso creemos que es imprescindible que la v\u00edctima cuenta con un defensor oficial para llevar adelante la denuncia\u00bb, asegur\u00f3 la legisladora de Nuevo Encuentro.<\/p>\n<p>\u00abEste proyecto de acceso gratuito a la Justicia para v\u00edctimas de Violencia Institucional es una herramienta complementaria de la ley que hemos impulsado de Fiscal\u00edas Especializadas en la tem\u00e1tica y que avanza en el mismo sentido en la lucha contra la impunidad\u00bb, concluy\u00f3 Macha. Cabe se\u00f1alar que las v\u00edctimas de la violencia estatal son, en su mayor\u00eda, j\u00f3venes varones, provenientes de los sectores vulnerables de la sociedad, en base a los datos surgidos del \u00faltimo informe anual del Registro Nacional de casos de Tortura y\/o Malos Tratos, elaborado por el C<b>omit\u00e9 Provincial contra la Tortura, la Procuraci\u00f3n Penitenciaria de la Naci\u00f3n y el Grupo de Estudios sobre el Sistema Penal y Derechos humanos del Instituto Gino Germani.<\/b> En el 91,8% de los casos registrados las v\u00edctimas son hombres y en el 79,9% menores de 34 a\u00f1os. En la Provincia, la violencia institucional alcanza ampliamente a ni\u00f1os y j\u00f3venes<\/p>\n<p class=\"newDetailTextChange\">\n","protected":false},"excerpt":{"rendered":"<p>La C\u00e1mara de Senadores bonaerense aprob\u00f3 un proyecto para garantizar el \u00abacceso gratuito\u00bb al sistema de Justicia. Las personas de escasos recursos son las m\u00e1s vulnerables a la violencia institucional. Los hechos de violencia institucional, aquellos que son ejercidos por miembros de las fuerzas de seguridad, tienen como sus principales afectados a sectores vulnerables y&hellip;<\/p>\n","protected":false},"author":1,"featured_media":0,"comment_status":"open","ping_status":"open","sticky":false,"template":"","format":"standard","meta":{"footnotes":""},"categories":[13],"tags":[364,4084,21530,3227,16037],"class_list":["post-51716","post","type-post","status-publish","format-standard","hentry","category-politica","tag-bonaerense","tag-fuerzas-de-seguridad","tag-monica-macha","tag-senadores","tag-violencia-institucional"],"_links":{"self":[{"href":"https:\/\/www.elsindical.com.ar\/notas\/wp-json\/wp\/v2\/posts\/51716","targetHints":{"allow":["GET"]}}],"collection":[{"href":"https:\/\/www.elsindical.com.ar\/notas\/wp-json\/wp\/v2\/posts"}],"about":[{"href":"https:\/\/www.elsindical.com.ar\/notas\/wp-json\/wp\/v2\/types\/post"}],"author":[{"embeddable":true,"href":"https:\/\/www.elsindical.com.ar\/notas\/wp-json\/wp\/v2\/users\/1"}],"replies":[{"embeddable":true,"href":"https:\/\/www.elsindical.com.ar\/notas\/wp-json\/wp\/v2\/comments?post=51716"}],"version-history":[{"count":2,"href":"https:\/\/www.elsindical.com.ar\/notas\/wp-json\/wp\/v2\/posts\/51716\/revisions"}],"predecessor-version":[{"id":51719,"href":"https:\/\/www.elsindical.com.ar\/notas\/wp-json\/wp\/v2\/posts\/51716\/revisions\/51719"}],"wp:attachment":[{"href":"https:\/\/www.elsindical.com.ar\/notas\/wp-json\/wp\/v2\/media?parent=51716"}],"wp:term":[{"taxonomy":"category","embeddable":true,"href":"https:\/\/www.elsindical.com.ar\/notas\/wp-json\/wp\/v2\/categories?post=51716"},{"taxonomy":"post_tag","embeddable":true,"href":"https:\/\/www.elsindical.com.ar\/notas\/wp-json\/wp\/v2\/tags?post=51716"}],"curies":[{"name":"wp","href":"https:\/\/api.w.org\/{rel}","templated":true}]}}